{"id":13743,"date":"2026-03-05T09:59:35","date_gmt":"2026-03-05T08:59:35","guid":{"rendered":"https:\/\/www.xefi.fr\/?p=13743"},"modified":"2026-04-22T17:36:43","modified_gmt":"2026-04-22T15:36:43","slug":"webinar-securite-informatique-tpe-pme-etes-vous-vraiment-protege-contre-une-cyberattaque","status":"publish","type":"post","link":"https:\/\/www.xefi.fr\/fr\/webinar-securite-informatique-tpe-pme-etes-vous-vraiment-protege-contre-une-cyberattaque\/","title":{"rendered":"Webinar Cybers\u00e9curit\u00e9 : votre TPE\/PME est-elle prot\u00e9g\u00e9e au bon niveau ? Nouvelle session"},"content":{"rendered":"\n<h2 class=\"wp-block-heading\"><strong>Cyberattaques : votre entreprise est-elle la prochaine cible ?<\/strong><\/h2>\n\n\n\n<p>Participez \u00e0 notre <strong>webinar pour dirigeants de TPE\/PME<\/strong> et d\u00e9couvrez si votre <strong>niveau de s\u00e9curit\u00e9 informatique<\/strong> est <strong>r\u00e9ellement adapt\u00e9 aux risques de votre activit\u00e9 ?<\/strong><\/p>\n\n\n\n<p>En <strong>30 minutes<\/strong>, nos experts en cybers\u00e9curit\u00e9 et s\u00e9curit\u00e9 vous expliquent :<\/p>\n\n\n\n<p>\u2714 Les <strong>cyberattaques les plus fr\u00e9quentes dans les TPE et PME<\/strong><br>\u2714 Les <strong>failles de s\u00e9curit\u00e9 informatique observ\u00e9es le plus souvent<\/strong><br>\u2714 Les <strong>rep\u00e8res essentiels pour \u00e9valuer votre niveau de protection<\/strong><\/p>\n\n\n\n<div class=\"wp-block-columns is-layout-flex wp-container-core-columns-is-layout-28f84493 wp-block-columns-is-layout-flex\">\n<div class=\"wp-block-column is-layout-flow wp-block-column-is-layout-flow\" style=\"flex-basis:66.66%\">\n<p><\/p>\n\n\n\n<div style=\"height:35px\" aria-hidden=\"true\" class=\"wp-block-spacer\"><\/div>\n\n\n\n<h2 class=\"wp-block-heading\"><strong><strong><strong><strong>Infos cl\u00e9s<\/strong><\/strong><\/strong><\/strong><\/h2>\n\n\n\n<p>\ud83d\udcc5 Date : jeudi 2 avril<br>\u23f0 Horaire : 11h30 &#8211; 12h<br>\ud83d\udcbb Format : Webinar en ligne (Microsoft Teams)<br>\ud83c\udfaf Public : Dirigeants, DAF, DSI, responsables IT de TPE et PME<\/p>\n\n\n\n<p><strong>\ud83d\udc49 <a href=\"http:\/\/u\" target=\"_blank\" rel=\"noreferrer noopener\">INSC<\/a><a href=\"https:\/\/www.linkedin.com\/events\/7442858306102046720?viewAsMember=true\" target=\"_blank\" rel=\"noreferrer noopener\">RIPTION GRATUITE<\/a><\/strong><\/p>\n\n\n\n<div style=\"height:50px\" aria-hidden=\"true\" class=\"wp-block-spacer\"><\/div>\n<\/div>\n\n\n\n<div class=\"wp-block-column is-layout-flow wp-block-column-is-layout-flow\" style=\"flex-basis:33.33%\"><\/div>\n<\/div>\n\n\n\n<h3 class=\"wp-block-heading\"><strong>Objectif : vous aider \u00e0 vous situer, comprendre vos risques et savoir par o\u00f9 commencer.<\/strong><\/h3>\n\n\n\n<div style=\"height:50px\" aria-hidden=\"true\" class=\"wp-block-spacer\"><\/div>\n\n\n\n<h3 class=\"wp-block-heading\"><strong>Apr\u00e8s le webinar<\/strong><\/h3>\n\n\n\n<p>Les participants pourront <strong>prendre rendez-vous pour un diagnostic cybers\u00e9curit\u00e9 personnalis\u00e9<\/strong> avec nos experts afin d\u2019\u00e9valuer le niveau de protection de leur entreprise.<\/p>\n\n\n\n<div style=\"height:19px\" aria-hidden=\"true\" class=\"wp-block-spacer\"><\/div>\n\n\n\n<figure class=\"wp-block-image size-large is-resized\"><img loading=\"lazy\" decoding=\"async\" width=\"1024\" height=\"491\" src=\"https:\/\/www.xefi.fr\/wp-content\/uploads\/sites\/2\/2026\/03\/Webinar-cybersecurite-informatique-tpe-pme-etes-vous-vraiment-protege-contre-une-cyberattaque_LP_XEFI_2-1024x491.png\" alt=\"webinar cybersecurit\u00e9 pme XEFI\" class=\"wp-image-14291\" style=\"width:1340px;height:auto\" srcset=\"https:\/\/www.xefi.fr\/wp-content\/uploads\/sites\/2\/2026\/03\/Webinar-cybersecurite-informatique-tpe-pme-etes-vous-vraiment-protege-contre-une-cyberattaque_LP_XEFI_2-1024x491.png 1024w, https:\/\/www.xefi.fr\/wp-content\/uploads\/sites\/2\/2026\/03\/Webinar-cybersecurite-informatique-tpe-pme-etes-vous-vraiment-protege-contre-une-cyberattaque_LP_XEFI_2-300x144.png 300w, https:\/\/www.xefi.fr\/wp-content\/uploads\/sites\/2\/2026\/03\/Webinar-cybersecurite-informatique-tpe-pme-etes-vous-vraiment-protege-contre-une-cyberattaque_LP_XEFI_2-768x368.png 768w, https:\/\/www.xefi.fr\/wp-content\/uploads\/sites\/2\/2026\/03\/Webinar-cybersecurite-informatique-tpe-pme-etes-vous-vraiment-protege-contre-une-cyberattaque_LP_XEFI_2-1536x736.png 1536w, https:\/\/www.xefi.fr\/wp-content\/uploads\/sites\/2\/2026\/03\/Webinar-cybersecurite-informatique-tpe-pme-etes-vous-vraiment-protege-contre-une-cyberattaque_LP_XEFI_2-2048x981.png 2048w\" sizes=\"auto, (max-width: 1024px) 100vw, 1024px\" \/><\/figure>\n\n\n\n<div style=\"height:49px\" aria-hidden=\"true\" class=\"wp-block-spacer\"><\/div>\n\n\n\n<h2 class=\"wp-block-heading\"><strong>Participez \u00e0 notre webinar et d\u00e9couvrez comment prot\u00e9ger votre entreprise<\/strong><\/h2>\n\n\n\n<p>Les <strong>cyberattaques peuvent paralyser une entreprise en quelques heures<\/strong>.<\/p>\n\n\n\n<p>Ransomware, phishing, vol de donn\u00e9es ou compromission de comptes : les <strong>TPE et PME sont aujourd\u2019hui particuli\u00e8rement expos\u00e9es aux cybermenaces<\/strong>.<\/p>\n\n\n\n<p>Pourtant, dans la majorit\u00e9 des cas, les incidents de <strong>cybers\u00e9curit\u00e9<\/strong> ne reposent pas sur des attaques complexes.<br>Ils sont souvent li\u00e9s \u00e0 des <strong>failles simples et sous-estim\u00e9es<\/strong> :<\/p>\n\n\n\n<ul class=\"wp-block-list\">\n<li>configurations de s\u00e9curit\u00e9 insuffisantes<\/li>\n\n\n\n<li>protections informatiques mal adapt\u00e9es<\/li>\n\n\n\n<li>vuln\u00e9rabilit\u00e9s invisibles dans l\u2019infrastructure IT<\/li>\n<\/ul>\n\n\n\n<blockquote class=\"wp-block-quote is-layout-flow wp-block-quote-is-layout-flow\">\n<p>\ud83d\udc49 <strong>Votre niveau de s\u00e9curit\u00e9 informatique est-il r\u00e9ellement adapt\u00e9 aux risques de votre activit\u00e9 ?<\/strong><br><br>\ud83d\udc49 <strong>Savez-vous o\u00f9 concentrer vos efforts en cybers\u00e9curit\u00e9 ?<\/strong><\/p>\n<\/blockquote>\n\n\n\n<div style=\"height:50px\" aria-hidden=\"true\" class=\"wp-block-spacer\"><\/div>\n\n\n\n<h2 class=\"wp-block-heading\"><strong>Votre niveau de protection est-il adapt\u00e9 <strong><strong><strong>aux risques cyber de votre activit\u00e9<\/strong><\/strong><\/strong><\/strong> et <strong>\u00e0 vos enjeux business ?<\/strong><\/h2>\n\n\n\n<p>Pour r\u00e9pondre \u00e0 ces questions, nous organisons un <strong>webinar d\u00e9di\u00e9 aux dirigeants de TPE et PME<\/strong>, anim\u00e9 par nos experts en <strong>s\u00e9curit\u00e9 informatique et cybers\u00e9curit\u00e9<\/strong> :<\/p>\n\n\n\n<h3 class=\"wp-block-heading\"><strong>Intervenants<\/strong> : nos experts cyber pour un \u00e9change live<\/h3>\n\n\n\n<p>\ud83c\udfa4 Lucile DELBARRE \u2013 <strong>Directrice Marketing S\u00e9curit\u00e9<\/strong><br>\ud83c\udfa4 Didier JEUNE \u2013 <strong>Directeur Commercial S\u00e9curit\u00e9<\/strong><\/p>\n\n\n\n<p>Experts terrain intervenant aupr\u00e8s de TPE \/ PME de 2 \u00e0 250 salari\u00e9s.<\/p>\n\n\n\n<p>Ils partageront leur retour d\u2019exp\u00e9rience terrain aupr\u00e8s des entreprises.<\/p>\n\n\n\n<div style=\"height:28px\" aria-hidden=\"true\" class=\"wp-block-spacer\"><\/div>\n\n\n\n<p>Pour garantir la qualit\u00e9 des \u00e9changes, le nombre de participants est limit\u00e9.<\/p>\n\n\n\n<p><strong>Pr\u00e9parez d\u00e8s maintenant vos questions : nos experts y r\u00e9pondront en fin de pr\u00e9sentation !<\/strong><\/p>\n\n\n\n<p><\/p>\n\n\n\n<div class=\"wp-block-buttons is-layout-flex wp-block-buttons-is-layout-flex\">\n<div class=\"wp-block-button\"><a class=\"wp-block-button__link wp-element-button\" href=\"https:\/\/www.linkedin.com\/events\/7442858306102046720?viewAsMember=true\" target=\"_blank\" rel=\"noreferrer noopener\">INSCRIVEZ-VOUS MAINTENANT<\/a><\/div>\n<\/div>\n\n\n\n<div style=\"height:100px\" aria-hidden=\"true\" class=\"wp-block-spacer\"><\/div>\n\n\n\n<p><em>XEFI en tant qu&rsquo;\u2019organisateur du webinar pourra utiliser les coordonn\u00e9es des participants, pour leur communiquer des informations commerciales li\u00e9es \u00e0 son activit\u00e9 professionnelle. Pour en savoir plus, s\u2019y opposer ou exercer vos droits, consultez notre <a href=\"https:\/\/www.xefi.fr\/fr\/politique-de-confidentialite-cookies\/\">Politique de confidentialit\u00e9<\/a>. <\/em><\/p>\n\n\n\n<p><\/p>\n","protected":false},"excerpt":{"rendered":"<p>Participez \u00e0 notre webinar exclusif pour dirigeants de TPE\/PME et d\u00e9couvrez comment prot\u00e9ger votre entreprise contre les attaques informatiques. RDV le 24 mars \u00e0 11h30.<\/p>\n","protected":false},"author":4,"featured_media":14295,"comment_status":"closed","ping_status":"closed","sticky":false,"template":"","format":"standard","meta":{"_acf_changed":false,"footnotes":""},"categories":[23],"tags":[202,143,138],"article_type":[245],"class_list":["post-13743","post","type-post","status-publish","format-standard","has-post-thumbnail","hentry","category-securite","tag-audit-securiite","tag-cyberattaque","tag-cybersecurite","article_type-webinar-experts"],"acf":[],"_links":{"self":[{"href":"https:\/\/www.xefi.fr\/fr\/wp-json\/wp\/v2\/posts\/13743","targetHints":{"allow":["GET"]}}],"collection":[{"href":"https:\/\/www.xefi.fr\/fr\/wp-json\/wp\/v2\/posts"}],"about":[{"href":"https:\/\/www.xefi.fr\/fr\/wp-json\/wp\/v2\/types\/post"}],"author":[{"embeddable":true,"href":"https:\/\/www.xefi.fr\/fr\/wp-json\/wp\/v2\/users\/4"}],"replies":[{"embeddable":true,"href":"https:\/\/www.xefi.fr\/fr\/wp-json\/wp\/v2\/comments?post=13743"}],"version-history":[{"count":34,"href":"https:\/\/www.xefi.fr\/fr\/wp-json\/wp\/v2\/posts\/13743\/revisions"}],"predecessor-version":[{"id":16349,"href":"https:\/\/www.xefi.fr\/fr\/wp-json\/wp\/v2\/posts\/13743\/revisions\/16349"}],"wp:featuredmedia":[{"embeddable":true,"href":"https:\/\/www.xefi.fr\/fr\/wp-json\/wp\/v2\/media\/14295"}],"wp:attachment":[{"href":"https:\/\/www.xefi.fr\/fr\/wp-json\/wp\/v2\/media?parent=13743"}],"wp:term":[{"taxonomy":"category","embeddable":true,"href":"https:\/\/www.xefi.fr\/fr\/wp-json\/wp\/v2\/categories?post=13743"},{"taxonomy":"post_tag","embeddable":true,"href":"https:\/\/www.xefi.fr\/fr\/wp-json\/wp\/v2\/tags?post=13743"},{"taxonomy":"article_type","embeddable":true,"href":"https:\/\/www.xefi.fr\/fr\/wp-json\/wp\/v2\/article_type?post=13743"}],"curies":[{"name":"wp","href":"https:\/\/api.w.org\/{rel}","templated":true}]}}