{"id":13650,"date":"2026-02-13T17:02:58","date_gmt":"2026-02-13T16:02:58","guid":{"rendered":"https:\/\/www.xefi.fr\/?p=13650"},"modified":"2026-02-18T21:02:49","modified_gmt":"2026-02-18T20:02:49","slug":"xefi-et-sacha-rosenthal-recoivent-le-prix-ey-de-l-entrepreneur-de-l-annee-en-ara","status":"publish","type":"post","link":"https:\/\/www.xefi.fr\/fr\/xefi-et-sacha-rosenthal-recoivent-le-prix-ey-de-l-entrepreneur-de-l-annee-en-ara\/","title":{"rendered":"Prix EY pour XEFI : Sacha ROSENTHAL re\u00e7oit le prix de l&rsquo;entrepreneur de l&rsquo;ann\u00e9e 2025 en r\u00e9gion ARA"},"content":{"rendered":"\n<p><\/p>\n\n\n\n<p><em>Lors de la la 33\u00e8me \u00e9dition du Prix EY de l\u2019Entrepreneur de l\u2019Ann\u00e9e qui s\u2019est tenue \u00e0 l\u2019<a href=\"https:\/\/em-lyon.com\/fr\" target=\"_blank\" rel=\"noopener\">EM Lyon Business School<\/a> XEFI et son fondateur, Sacha Rosenthal, qui vient de recevoir le prestigieux Prix EY de l&rsquo;Entrepreneur de l&rsquo;Ann\u00e9e 2025 en ARA.<\/em><\/p>\n\n\n\n<p><em><a href=\"https:\/\/www.linkedin.com\/company\/em-lyon-business-school\/\" target=\"_blank\" rel=\"noopener\"><\/a>Cette c\u00e9r\u00e9monie c\u00e9l\u00e8bre celles et ceux qui construisent l\u2019avenir : des dirigeants accomplis qui transforment leurs id\u00e9es en entreprises solides, cr\u00e9atrices d\u2019emplois et porteuses de valeurs durables.<\/em><\/p>\n\n\n\n<p><em>Plus qu&rsquo;une reconnaissance personnelle, cette distinction est un message puissant adress\u00e9 \u00e0 toutes les TPE et PME : la validation d&rsquo;un partenaire IT fiable, souverain et engag\u00e9 pour leur croissance.<\/em><\/p>\n\n\n\n<p><em>D\u00e9couvrez en quoi ce prix est un v\u00e9ritable gage de confiance pour la s\u00e9curit\u00e9 et la performance de votre entreprise.<\/em><\/p>\n\n\n\n<div style=\"height:29px\" aria-hidden=\"true\" class=\"wp-block-spacer\"><\/div>\n\n\n\n<h2 class=\"wp-block-heading\"><strong>le Prix EY de l&rsquo;Entrepreneur de l&rsquo;Ann\u00e9e 2025 en ARA pour xefi : un gage de confiance pour les PME<\/strong><\/h2>\n\n\n\n<p>Dans un monde o\u00f9 la transformation num\u00e9rique n&rsquo;est plus une option mais une n\u00e9cessit\u00e9 pour les PME, la confiance en son partenaire informatique est primordiale.&nbsp;C&rsquo;est dans ce contexte que la distinction de Sacha Rosenthal, fondateur de XEFI, au prestigieux Prix de l&rsquo;Entrepreneur de l&rsquo;Ann\u00e9e 2025 d\u00e9cern\u00e9 par EY, r\u00e9sonne avec une force particuli\u00e8re.&nbsp;<\/p>\n\n\n\n<figure class=\"wp-block-embed is-type-video is-provider-youtube wp-block-embed-youtube wp-embed-aspect-16-9 wp-has-aspect-ratio\"><div class=\"wp-block-embed__wrapper\">\n<iframe loading=\"lazy\" title=\"Sacha Rosenthal, XEFI | Entrepreneur de l&#039;Ann\u00e9e | Auvergne-Rh\u00f4ne-Alpes 2025\" width=\"500\" height=\"281\" src=\"https:\/\/www.youtube.com\/embed\/2nz4ShLWwSc?start=28&#038;feature=oembed\" frameborder=\"0\" allow=\"accelerometer; autoplay; clipboard-write; encrypted-media; gyroscope; picture-in-picture; web-share\" referrerpolicy=\"strict-origin-when-cross-origin\" allowfullscreen><\/iframe>\n<\/div><\/figure>\n\n\n\n<div style=\"height:20px\" aria-hidden=\"true\" class=\"wp-block-spacer\"><\/div>\n\n\n\n<div style=\"height:29px\" aria-hidden=\"true\" class=\"wp-block-spacer\"><\/div>\n\n\n\n<p>Plus qu&rsquo;une r\u00e9compense personnelle, ce prix est une validation \u00e9clatante du mod\u00e8le XEFI, un mod\u00e8le pens\u00e9 pour et avec les PME. Il met en lumi\u00e8re une vision, une histoire et surtout, un engagement ind\u00e9fectible au service de la performance et de la s\u00e9curit\u00e9 informatique des entreprises.<\/p>\n\n\n\n<div style=\"height:29px\" aria-hidden=\"true\" class=\"wp-block-spacer\"><\/div>\n\n\n\n<h2 class=\"wp-block-heading\"><strong>Sacha ROSENTHAL : un entrepreneur visionnaire au service des TPE ET PME<\/strong><\/h2>\n\n\n\n<p>C&rsquo;est sur le campus de l&rsquo;<a href=\"https:\/\/em-lyon.com\/fr\" target=\"_blank\" rel=\"noreferrer noopener\">EM Lyon Business School<\/a>, \u00e0 l&rsquo;occasion de la 33\u1d49 c\u00e9r\u00e9monie r\u00e9gionale du Prix EY de l&rsquo;Entrepreneur, que Sacha Rosenthal a \u00e9t\u00e9 distingu\u00e9.&nbsp;<\/p>\n\n\n\n<p>Cette reconnaissance vient couronner un parcours de pr\u00e8s de 30 ans, d\u00e9but\u00e9 avec une id\u00e9e claire : <\/p>\n\n\n\n<p><strong><em>Rendre l&rsquo;informatique plus accessible, plus performante et plus humaine pour les TPE\/PME.<\/em><\/strong><\/p>\n\n\n\n<blockquote class=\"wp-block-quote is-layout-flow wp-block-quote-is-layout-flow\">\n<p><\/p>\n<\/blockquote>\n\n\n\n<p>La r\u00e9action de Sacha ROSENTHAL est \u00e0 l&rsquo;image de l&rsquo;entreprise qu&rsquo;il a b\u00e2tie : tourn\u00e9e vers le collectif.&nbsp;\u00ab Recevoir ce prix est une immense fiert\u00e9, c&rsquo;est surtout une belle reconnaissance collective \u00bb, a-t-il soulign\u00e9.&nbsp;<\/p>\n\n\n\n<p>Cette humilit\u00e9 met en exergue une des valeurs cardinales de XEFI : la r\u00e9ussite est une aventure partag\u00e9e.&nbsp;Il insiste sur les moteurs qui ont guid\u00e9 le groupe depuis sa cr\u00e9ation :&nbsp;\u00ab de faire bien, de faire grand, de faire durablement \u00bb.&nbsp;<\/p>\n\n\n\n<p><a href=\"https:\/\/www.youtube.com\/watch?v=d_gt4YA1_N8\" target=\"_blank\" rel=\"noreferrer noopener\"><\/a><\/p>\n\n\n\n<p>Ce triptyque est la pierre angulaire de la philosophie XEFI.&nbsp;Il se traduit par un r\u00e9investissement constant des b\u00e9n\u00e9fices pour garantir l&rsquo;autonomie (datacenters en propre, \u00e9cole de formation, plateforme logistique) et une \u00ab obsession \u00bb pour la proximit\u00e9 et la satisfaction client.&nbsp;<\/p>\n\n\n\n<div style=\"height:29px\" aria-hidden=\"true\" class=\"wp-block-spacer\"><\/div>\n\n\n\n<p><\/p>\n\n\n\n<figure class=\"wp-block-image size-large\"><img decoding=\"async\" src=\"https:\/\/www.xefi.fr\/wp-content\/uploads\/sites\/2\/2026\/02\/Prix-EY-entrepreneur-annee-2025-ara-Sacha-ROSENTHAL_XEFI-Prestataire-Partenaire-informatique-des-TPE-PME-1024x683.jpg\" alt=\"\" class=\"wp-image-13652\" \/><\/figure>\n\n\n\n<div style=\"height:27px\" aria-hidden=\"true\" class=\"wp-block-spacer\"><\/div>\n\n\n\n<div style=\"height:29px\" aria-hidden=\"true\" class=\"wp-block-spacer\"><\/div>\n\n\n\n<h2 class=\"wp-block-heading\"><strong><strong>XEFI : une \u00ab\u00a0success story\u00a0\u00bb lyonnaise b\u00e2tie sur la proximit\u00e9 et l&rsquo;innovation<\/strong><\/strong><\/h2>\n\n\n\n<p>Fond\u00e9 en 1997 \u00e0 Lyon, XEFI est devenu un acteur incontournable du service informatique pour les professionnels.&nbsp;<\/p>\n\n\n\n<p><strong>Les chiffres parlent d&rsquo;eux-m\u00eames :<\/strong><\/p>\n\n\n\n<ul class=\"wp-block-list\">\n<li>2 000 Collaborateurs&nbsp;: 2000<\/li>\n\n\n\n<li>Pr\u00e8s de 200 agences de proximit\u00e9 en France et en Europe<\/li>\n\n\n\n<li>6 datacenters (souverains et en propre)<\/li>\n\n\n\n<li>Chiffre d&rsquo;affaires 2025&nbsp;: 400 millions d&rsquo;euros<br>Objectif 2028&nbsp;: 1 milliard d&rsquo;euros<\/li>\n<\/ul>\n\n\n\n<div style=\"height:5px\" aria-hidden=\"true\" class=\"wp-block-spacer\"><\/div>\n\n\n\n<div style=\"height:29px\" aria-hidden=\"true\" class=\"wp-block-spacer\"><\/div>\n\n\n\n<p><\/p>\n\n\n\n<h2 class=\"wp-block-heading\"><strong>Performance \u00e9conomique et performance humaine<\/strong><\/h2>\n\n\n\n<p>Cette croissance exponentielle n&rsquo;est pas le fruit du hasard.&nbsp;Elle repose sur un mod\u00e8le \u00e9conomique qui rompt avec les standards du secteur.&nbsp;<\/p>\n\n\n\n<p>XEFI a fait le choix d&rsquo;une ma\u00eetrise compl\u00e8te de la cha\u00eene de valeur IT. De la vente de mat\u00e9riel informatique \u00e0 la maintenance, en passant par le cloud, la s\u00e9curit\u00e9 et le d\u00e9veloppement de logiciels, le groupe propose une offre \u00ab\u00a0tout-en-un\u00a0\u00bb qui simplifie la vie des dirigeants de TPE et PME.<\/p>\n\n\n\n<div style=\"height:20px\" aria-hidden=\"true\" class=\"wp-block-spacer\"><\/div>\n\n\n\n<h2 class=\"wp-block-heading\"><strong>Qu&rsquo;est-ce que ce prix signifie concr\u00e8tement pour votre PME ?<\/strong><\/h2>\n\n\n\n<p>Au-del\u00e0 du prestige, ce Prix de l&rsquo;Entrepreneur de l&rsquo;Ann\u00e9e est un signal fort pour tous les clients et prospects de XEFI.<\/p>\n\n\n\n<h3 class=\"wp-block-heading\">Un gage d&rsquo;excellence et de fiabilit\u00e9<\/h3>\n\n\n\n<p>Le prix EY est reconnu pour la rigueur de son processus de s\u00e9lection. Le fait que XEFI soit laur\u00e9at valide la solidit\u00e9 de son mod\u00e8le \u00e9conomique, la pertinence de sa strat\u00e9gie et la qualit\u00e9 de sa gestion. Pour une PME, s&rsquo;associer \u00e0 un partenaire ainsi prim\u00e9, c&rsquo;est s&rsquo;assurer de collaborer avec une entreprise robuste et p\u00e9renne.<\/p>\n\n\n\n<h3 class=\"wp-block-heading\">La validation d&rsquo;une approche humaine et souveraine<\/h3>\n\n\n\n<p>XEFI se distingue par son ancrage territorial et son engagement pour un num\u00e9rique souverain.&nbsp;<\/p>\n\n\n\n<p>Avec ses 6 datacenters d\u00e9tenus en propre en France, XEFI garantit \u00e0 ses clients une localisation de leurs donn\u00e9es, un enjeu de plus en plus crucial. Ce prix met en lumi\u00e8re cette vision d&rsquo;une technologie \u00e0 visage humain, proche de ses clients et de leurs pr\u00e9occupations.<\/p>\n\n\n\n<h3 class=\"wp-block-heading\">Un partenaire pour une croissance durable et s\u00e9curis\u00e9e<\/h3>\n\n\n\n<p>L&rsquo;ambition de Sacha Rosenthal est claire : \u00ab continuer \u00e0 performer, \u00e0 innover et \u00e0 rendre l&rsquo;informatique des TPE\/PME performante, durable et s\u00e9curis\u00e9e partout en Europe \u00bb.&nbsp;<\/p>\n\n\n\n<div style=\"height:30px\" aria-hidden=\"true\" class=\"wp-block-spacer\"><\/div>\n\n\n\n<h2 class=\"wp-block-heading\"><strong><strong>Le mod\u00e8le XEFI : un \u00e9cosyst\u00e8me complet pour votre transformation num\u00e9rique<\/strong>          <\/strong><\/h2>\n\n\n\n<p>Ce qui fait la force de XEFI, c&rsquo;est son mod\u00e8le int\u00e9gr\u00e9 unique. En choisissant XEFI, une PME acc\u00e8de \u00e0 un guichet unique pour l&rsquo;ensemble de ses besoins informatiques et bureautiques. C&rsquo;est la fin de la multiplication des interlocuteurs et la garantie d&rsquo;une parfaite coh\u00e9rence de votre syst\u00e8me d&rsquo;information.<\/p>\n\n\n\n<p>Cette approche, combin\u00e9e \u00e0 un maillage territorial dense via son r\u00e9seau de plus de 200 agences, assure une r\u00e9activit\u00e9 et une proximit\u00e9 in\u00e9gal\u00e9es.&nbsp;<\/p>\n\n\n\n<p><\/p>\n\n\n\n<div style=\"height:30px\" aria-hidden=\"true\" class=\"wp-block-spacer\"><\/div>\n\n\n\n<p>En conclusion, le Prix EY de l&rsquo;Entrepreneur de l&rsquo;Ann\u00e9e 2025 d\u00e9cern\u00e9 \u00e0 Sacha Rosenthal est bien plus qu&rsquo;une simple r\u00e9compense. Il vient consacrer plus de deux d\u00e9cennies d&rsquo;innovation, de croissance et d&rsquo;engagement au service des entreprises. Pour les PME qui cherchent un partenaire de confiance pour naviguer les complexit\u00e9s de l&rsquo;informatique moderne, cette distinction est une confirmation : XEFI est un choix d&rsquo;excellence, un alli\u00e9 pour une transformation num\u00e9rique souveraine, humaine et performante.<\/p>\n\n\n\n<div style=\"height:31px\" aria-hidden=\"true\" class=\"wp-block-spacer\"><\/div>\n\n\n\n<p><strong>Besoin d\u2019un accompagnement pour s\u00e9curiser votre mat\u00e9riel informatique ?<\/strong><\/p>\n\n\n\n<div class=\"wp-block-buttons is-layout-flex wp-block-buttons-is-layout-flex\">\n<div class=\"wp-block-button\"><a class=\"wp-block-button__link wp-element-button\" href=\"https:\/\/www.xefi.fr\/fr\/trouver-votre-agence-xefi\/\" target=\"_blank\" rel=\"noreferrer noopener\"><strong>trouvez votre agence xefi de proximit\u00e9<\/strong><\/a><\/div>\n<\/div>\n\n\n\n<div style=\"height:29px\" aria-hidden=\"true\" class=\"wp-block-spacer\"><\/div>\n\n\n\n<h3 class=\"wp-block-heading\"><strong>Pour aller plus loin&nbsp;:<\/strong><\/h3>\n\n\n\n<p><a href=\"https:\/\/www.xefi.be\/fr\/decouvrir-xefi\/a-propos-de-nous\/qui-sommes-nous\/\" target=\"_blank\" rel=\"noopener\">D\u00e9couvrez-en plus sur XEFI, Leader des services informatiques pour TPE\/PME<\/a><\/p>\n\n\n\n<p><a href=\"https:\/\/www.xefi.be\/fr\/trouver-votre-agence-xefi\/\" target=\"_blank\" rel=\"noopener\">Notre r\u00e9seau d\u2019agences XEFI en France et en Europe<\/a><\/p>\n\n\n\n<p><a href=\"https:\/\/www.xefi.be\/fr\/decouvrir-xefi\/a-propos-de-nous\/ouvrir-une-franchise-xefi\/\" target=\"_blank\" rel=\"noopener\">Ouvrir une agence XEFI et faire le choix d\u2019une activit\u00e9 professionnelle performante<\/a><\/p>\n\n\n\n<p><a href=\"https:\/\/www.xefi.be\/fr\/decouvrir-xefi\/a-propos-de-nous\/conseils-d-experts-et-actualites\/\" target=\"_blank\" rel=\"noopener\">D\u00e9couvrez l\u2019actualit\u00e9 IT de XEFI et les conseils de nos experts <\/a>&nbsp;<\/p>\n\n\n\n<p><\/p>\n","protected":false},"excerpt":{"rendered":"<p>Lors de la la 33\u00e8me \u00e9dition du Prix EY de l\u2019Entrepreneur de l\u2019Ann\u00e9e qui s\u2019est tenue \u00e0 l\u2019EM Lyon Business School XEFI et son fondateur, Sacha Rosenthal, qui vient de recevoir le prestigieux Prix EY de l&rsquo;Entrepreneur de l&rsquo;Ann\u00e9e 2025 en ARA. Cette c\u00e9r\u00e9monie c\u00e9l\u00e8bre celles et ceux qui construisent l\u2019avenir : des dirigeants accomplis [&hellip;]<\/p>\n","protected":false},"author":4,"featured_media":13652,"comment_status":"open","ping_status":"open","sticky":false,"template":"","format":"standard","meta":{"_acf_changed":false,"footnotes":""},"categories":[164],"tags":[194,191,190,192],"article_type":[],"class_list":["post-13650","post","type-post","status-publish","format-standard","has-post-thumbnail","hentry","category-actu-xefi","tag-entrepreneuriat","tag-ey","tag-presse","tag-sacha-rosenthal"],"acf":[],"_links":{"self":[{"href":"https:\/\/www.xefi.fr\/fr\/wp-json\/wp\/v2\/posts\/13650","targetHints":{"allow":["GET"]}}],"collection":[{"href":"https:\/\/www.xefi.fr\/fr\/wp-json\/wp\/v2\/posts"}],"about":[{"href":"https:\/\/www.xefi.fr\/fr\/wp-json\/wp\/v2\/types\/post"}],"author":[{"embeddable":true,"href":"https:\/\/www.xefi.fr\/fr\/wp-json\/wp\/v2\/users\/4"}],"replies":[{"embeddable":true,"href":"https:\/\/www.xefi.fr\/fr\/wp-json\/wp\/v2\/comments?post=13650"}],"version-history":[{"count":14,"href":"https:\/\/www.xefi.fr\/fr\/wp-json\/wp\/v2\/posts\/13650\/revisions"}],"predecessor-version":[{"id":13681,"href":"https:\/\/www.xefi.fr\/fr\/wp-json\/wp\/v2\/posts\/13650\/revisions\/13681"}],"wp:featuredmedia":[{"embeddable":true,"href":"https:\/\/www.xefi.fr\/fr\/wp-json\/wp\/v2\/media\/13652"}],"wp:attachment":[{"href":"https:\/\/www.xefi.fr\/fr\/wp-json\/wp\/v2\/media?parent=13650"}],"wp:term":[{"taxonomy":"category","embeddable":true,"href":"https:\/\/www.xefi.fr\/fr\/wp-json\/wp\/v2\/categories?post=13650"},{"taxonomy":"post_tag","embeddable":true,"href":"https:\/\/www.xefi.fr\/fr\/wp-json\/wp\/v2\/tags?post=13650"},{"taxonomy":"article_type","embeddable":true,"href":"https:\/\/www.xefi.fr\/fr\/wp-json\/wp\/v2\/article_type?post=13650"}],"curies":[{"name":"wp","href":"https:\/\/api.w.org\/{rel}","templated":true}]}}