{"id":12936,"date":"2025-11-27T10:51:14","date_gmt":"2025-11-27T09:51:14","guid":{"rendered":"https:\/\/www.xefi.fr\/?p=12936"},"modified":"2026-01-09T15:15:31","modified_gmt":"2026-01-09T14:15:31","slug":"offres-exclusives-sur-votre-futur-equipement-informatique-professionnel-hp-hewlett-packard","status":"publish","type":"post","link":"https:\/\/www.xefi.fr\/fr\/offres-exclusives-sur-votre-futur-equipement-informatique-professionnel-hp-hewlett-packard\/","title":{"rendered":"Offres exclusives sur votre futur \u00e9quipement HP\u00a0!"},"content":{"rendered":"\n<div class=\"wp-block-group is-layout-constrained wp-block-group-is-layout-constrained\" style=\"padding-bottom:var(--wp--preset--spacing--60)\">\n<p>Pour cl\u00f4turer l\u2019ann\u00e9e en beaut\u00e9, <strong>profitez d\u00e8s maintenant de nos offres exclusives sur une s\u00e9lection de produits HP<\/strong>, disponibles uniquement jusqu\u2019au 31 d\u00e9cembre 2025&nbsp;!<\/p>\n\n\n\n<p>Que vous souhaitiez renouveler votre mat\u00e9riel informatique ou vous \u00e9quiper pour de nouveaux projets, <strong>c\u2019est l\u2019opportunit\u00e9 id\u00e9ale pour investir dans des outils performants, fiables et con\u00e7us pour durer.<\/strong><\/p>\n\n\n\n<p><strong>Gr\u00e2ce \u00e0 Windows 11<\/strong>, vous pourrez b\u00e9n\u00e9ficier d\u2019une exp\u00e9rience fluide avec un outil de travail moderne et parfaitement adapt\u00e9 \u00e0 vos usages.<\/p>\n\n\n\n<figure class=\"wp-block-image aligncenter size-large is-resized\"><img loading=\"lazy\" decoding=\"async\" width=\"1024\" height=\"577\" src=\"https:\/\/www.xefi.fr\/wp-content\/uploads\/sites\/2\/2025\/11\/EUPHORIE_Mailing-11-1024x577.png\" alt=\"\" class=\"wp-image-12983\" style=\"width:739px;height:auto\" srcset=\"https:\/\/www.xefi.fr\/wp-content\/uploads\/sites\/2\/2025\/11\/EUPHORIE_Mailing-11-1024x577.png 1024w, https:\/\/www.xefi.fr\/wp-content\/uploads\/sites\/2\/2025\/11\/EUPHORIE_Mailing-11-300x169.png 300w, https:\/\/www.xefi.fr\/wp-content\/uploads\/sites\/2\/2025\/11\/EUPHORIE_Mailing-11-768x433.png 768w, https:\/\/www.xefi.fr\/wp-content\/uploads\/sites\/2\/2025\/11\/EUPHORIE_Mailing-11-1536x866.png 1536w, https:\/\/www.xefi.fr\/wp-content\/uploads\/sites\/2\/2025\/11\/EUPHORIE_Mailing-11-2048x1154.png 2048w\" sizes=\"auto, (max-width: 1024px) 100vw, 1024px\" \/><\/figure>\n<\/div>\n\n\n\n<div class=\"wp-block-group is-layout-constrained wp-block-group-is-layout-constrained\" style=\"padding-top:var(--wp--preset--spacing--60)\">\n<div class=\"wp-block-group alignwide is-layout-constrained wp-block-group-is-layout-constrained\" style=\"padding-bottom:var(--wp--preset--spacing--60)\">\n<h2 class=\"wp-block-heading alignwide has-text-align-center has-primary-color has-text-color has-link-color has-custom-large-font-size wp-elements-1d7493ef376a10ca6bfe8f5ff422a14d\"><strong>D\u00e9couvrez les 4 \u00e9quipements HP <strong>incontournables<\/strong> <\/strong><br><strong>\u00e0 prix<\/strong> exclusifs<\/h2>\n\n\n\n<div class=\"wp-block-group has-dark-background-color has-background is-content-justification-center is-layout-constrained wp-container-core-group-is-layout-7bd210af wp-block-group-is-layout-constrained\" style=\"padding-top:var(--wp--preset--spacing--60);padding-bottom:var(--wp--preset--spacing--60);padding-left:0\">\n<h2 class=\"wp-block-heading alignwide has-text-align-center has-background-color has-text-color has-link-color wp-elements-bf241207b4960c5a9535460688184bf2\">CE N&rsquo;EST PAS TOUT !<\/h2>\n\n\n\n<div class=\"wp-block-group is-vertical is-content-justification-center is-layout-flex wp-container-core-group-is-layout-ce155fab wp-block-group-is-layout-flex\">\n<p class=\"has-text-align-center has-background-color has-text-color has-link-color has-custom-large-font-size wp-elements-cc4ce15ce47222cf66f647ad2e7f67e8\"><strong>Profitez \u00e9galement de l&rsquo;<mark class=\"has-inline-color has-primary-color\">offre de remboursement HP<\/mark> :<\/strong><\/p>\n\n\n\n<p class=\"has-text-align-center has-background-color has-text-color has-link-color has-custom-xx-large-font-size wp-elements-d8738be6061fc9338996842ef5d794b0\"><strong>jusqu&rsquo;\u00e0 <mark style=\"background-color:#000000\" class=\"has-inline-color has-background-color\"> <\/mark><mark style=\"background-color:#000000\" class=\"has-inline-color has-primary-color\">500 \u20acHT<\/mark><\/strong> <strong>rembours\u00e9s !*<\/strong><\/p>\n<\/div>\n\n\n\n<div class=\"wp-block-buttons is-content-justification-center is-layout-flex wp-container-core-buttons-is-layout-f27c6935 wp-block-buttons-is-layout-flex\" style=\"padding-top:var(--wp--preset--spacing--40)\">\n<div class=\"wp-block-button\"><a class=\"wp-block-button__link has-background-color has-primary-background-color has-text-color has-background has-link-color wp-element-button\" href=\"https:\/\/h41201.www4.hp.com\/WMCF.Web\/fr\/fr\/landing\/promotion\/89740\/\" target=\"_blank\" rel=\"noopener\">*Voir les conditions de l&rsquo;offre<\/a><\/div>\n<\/div>\n<\/div>\n<\/div>\n\n\n\n<div class=\"wp-block-group is-layout-constrained wp-block-group-is-layout-constrained\" style=\"padding-bottom:var(--wp--preset--spacing--60)\">\n<div class=\"wp-block-group is-layout-constrained wp-block-group-is-layout-constrained\" style=\"padding-bottom:var(--wp--preset--spacing--60)\">\n<div class=\"wp-block-group is-content-justification-center is-nowrap is-layout-flex wp-container-core-group-is-layout-23441af8 wp-block-group-is-layout-flex\">\n<div class=\"wp-block-columns are-vertically-aligned-center is-layout-flex wp-container-core-columns-is-layout-e477a36d wp-block-columns-is-layout-flex\" style=\"padding-bottom:var(--wp--preset--spacing--60)\">\n<div class=\"wp-block-column is-vertically-aligned-center is-layout-flow wp-block-column-is-layout-flow\" style=\"flex-basis:50%\">\n<h3 class=\"wp-block-heading has-text-align-center\">  <strong><strong><mark style=\"background-color:#000000\" class=\"has-inline-color has-background-color\"> HP EliteBook 8 G1i NoteBook AI <\/mark><\/strong><\/strong><\/h3>\n\n\n\n<div class=\"wp-block-group is-layout-constrained wp-container-core-group-is-layout-71e87c93 wp-block-group-is-layout-constrained\" style=\"padding-bottom:var(--wp--preset--spacing--30);padding-left:var(--wp--preset--spacing--50)\">\n<p class=\"has-text-align-center has-primary-color has-text-color has-link-color wp-elements-ba1c722eeed7f2f124b15019dc17f0db\"><strong>PRIX EXCLUSIF SUR DEMANDE <\/strong><br><strong>et b\u00e9n\u00e9ficiez de 200 \u20ac HT rembours\u00e9s par HP*<\/strong><\/p>\n<\/div>\n\n\n\n<div class=\"wp-block-group is-layout-constrained wp-container-core-group-is-layout-ba75fb5d wp-block-group-is-layout-constrained\" style=\"padding-left:var(--wp--preset--spacing--50)\">\n<ul class=\"wp-block-list\">\n<li><strong>Ecran : <\/strong>16&Prime; IPS 1920 x 1200<\/li>\n\n\n\n<li><strong>Processeur : <\/strong>Intel Core Ultra U5-225U<\/li>\n\n\n\n<li><strong>M\u00e9moire :<\/strong> 16 Go RAM<\/li>\n\n\n\n<li><strong>Stockage :<\/strong> 512 Go SSD NVMe<\/li>\n\n\n\n<li><strong>Garantie constructeur :<\/strong> 3 ans<\/li>\n<\/ul>\n<\/div>\n\n\n\n<div class=\"wp-block-buttons is-content-justification-center is-layout-flex wp-container-core-buttons-is-layout-a89b3969 wp-block-buttons-is-layout-flex\">\n<div class=\"wp-block-button is-style-fill\"><a class=\"wp-block-button__link has-background-color has-primary-background-color has-text-color has-background has-link-color wp-element-button\" href=\"https:\/\/www.xefi.fr\/fr\/decouvrir-xefi\/a-propos-de-nous\/contacter-le-groupe\/\">je demande un devis<\/a><\/div>\n<\/div>\n<\/div>\n\n\n\n<div class=\"wp-block-column is-vertically-aligned-center is-layout-flow wp-block-column-is-layout-flow\" style=\"flex-basis:50%\">\n<figure class=\"wp-block-image alignleft size-full is-resized\"><img loading=\"lazy\" decoding=\"async\" width=\"573\" height=\"430\" src=\"https:\/\/www.xefi.fr\/wp-content\/uploads\/sites\/2\/2025\/11\/Offres-exclusives-sur-votre-futur-equipement-HP_HP-EliteBook-8-G1i-Notebook-AI_XEFI-Prestataire-Partenaire-informatique-des-TPE-PME.webp\" alt=\"HP ProBook 4 G1i NoteBook AI\" class=\"wp-image-12990\" style=\"width:400px\" srcset=\"https:\/\/www.xefi.fr\/wp-content\/uploads\/sites\/2\/2025\/11\/Offres-exclusives-sur-votre-futur-equipement-HP_HP-EliteBook-8-G1i-Notebook-AI_XEFI-Prestataire-Partenaire-informatique-des-TPE-PME.webp 573w, https:\/\/www.xefi.fr\/wp-content\/uploads\/sites\/2\/2025\/11\/Offres-exclusives-sur-votre-futur-equipement-HP_HP-EliteBook-8-G1i-Notebook-AI_XEFI-Prestataire-Partenaire-informatique-des-TPE-PME-300x225.webp 300w\" sizes=\"auto, (max-width: 573px) 100vw, 573px\" \/><\/figure>\n<\/div>\n<\/div>\n<\/div>\n<\/div>\n\n\n\n<div class=\"wp-block-group is-layout-constrained wp-block-group-is-layout-constrained\" style=\"padding-bottom:var(--wp--preset--spacing--60)\">\n<div class=\"wp-block-group is-content-justification-center is-nowrap is-layout-flex wp-container-core-group-is-layout-23441af8 wp-block-group-is-layout-flex\">\n<div class=\"wp-block-columns are-vertically-aligned-center is-layout-flex wp-container-core-columns-is-layout-e477a36d wp-block-columns-is-layout-flex\" style=\"padding-bottom:var(--wp--preset--spacing--60)\">\n<div class=\"wp-block-column is-vertically-aligned-center is-layout-flow wp-block-column-is-layout-flow\" style=\"flex-basis:50%\">\n<figure class=\"wp-block-image alignright size-full is-resized\"><img loading=\"lazy\" decoding=\"async\" width=\"573\" height=\"430\" src=\"https:\/\/www.xefi.fr\/wp-content\/uploads\/sites\/2\/2025\/11\/Offres-exclusives-sur-votre-futur-equipement-HP_HP-ProBook-4-G1i-Notebook-AI_XEFI-Prestataire-Partenaire-informatique-des-TPE-PME.webp\" alt=\"\" class=\"wp-image-12989\" style=\"width:400px\" srcset=\"https:\/\/www.xefi.fr\/wp-content\/uploads\/sites\/2\/2025\/11\/Offres-exclusives-sur-votre-futur-equipement-HP_HP-ProBook-4-G1i-Notebook-AI_XEFI-Prestataire-Partenaire-informatique-des-TPE-PME.webp 573w, https:\/\/www.xefi.fr\/wp-content\/uploads\/sites\/2\/2025\/11\/Offres-exclusives-sur-votre-futur-equipement-HP_HP-ProBook-4-G1i-Notebook-AI_XEFI-Prestataire-Partenaire-informatique-des-TPE-PME-300x225.webp 300w\" sizes=\"auto, (max-width: 573px) 100vw, 573px\" \/><\/figure>\n<\/div>\n\n\n\n<div class=\"wp-block-column is-vertically-aligned-center is-layout-flow wp-block-column-is-layout-flow\" style=\"flex-basis:50%\">\n<h3 class=\"wp-block-heading has-text-align-center\"><strong><strong><mark style=\"background-color:#000000\" class=\"has-inline-color has-background-color\"><strong><strong><strong><mark style=\"background-color:#000000\" class=\"has-inline-color has-background-color\"> HP ProBook 4 G1i NoteBook AI <\/mark><\/strong><\/strong><\/strong><\/mark><\/strong><\/strong><\/h3>\n\n\n\n<p class=\"has-text-align-center has-primary-color has-text-color has-link-color wp-elements-5f89890625a7ebb1609c640c67a1eec3\"><strong>PRIX EXCLUSIF SUR DEMANDE <\/strong><\/p>\n\n\n\n<div class=\"wp-block-group is-layout-constrained wp-container-core-group-is-layout-ba75fb5d wp-block-group-is-layout-constrained\" style=\"padding-left:var(--wp--preset--spacing--50)\">\n<ul class=\"wp-block-list\">\n<li><strong>Ecran : <\/strong>16&Prime; IPS 1920 x 1200<\/li>\n\n\n\n<li><strong>Processeur : <\/strong>Intel Core Ultra U5-225U<\/li>\n\n\n\n<li><strong>M\u00e9moire :<\/strong> 16 Go RAM<\/li>\n\n\n\n<li><strong>Stockage :<\/strong> 512 Go SSD NVMe<\/li>\n\n\n\n<li><strong>Garantie constructeur :<\/strong> 1 an<\/li>\n<\/ul>\n<\/div>\n\n\n\n<div class=\"wp-block-buttons is-content-justification-center is-layout-flex wp-container-core-buttons-is-layout-a89b3969 wp-block-buttons-is-layout-flex\">\n<div class=\"wp-block-button is-style-fill\"><a class=\"wp-block-button__link has-background-color has-primary-background-color has-text-color has-background has-link-color wp-element-button\" href=\"https:\/\/www.xefi.fr\/fr\/decouvrir-xefi\/a-propos-de-nous\/contacter-le-groupe\/\">je demande un devis<\/a><\/div>\n<\/div>\n<\/div>\n<\/div>\n<\/div>\n<\/div>\n\n\n\n<div class=\"wp-block-group is-layout-constrained wp-block-group-is-layout-constrained\" style=\"padding-bottom:var(--wp--preset--spacing--60)\">\n<div class=\"wp-block-group is-content-justification-center is-nowrap is-layout-flex wp-container-core-group-is-layout-23441af8 wp-block-group-is-layout-flex\">\n<div class=\"wp-block-columns are-vertically-aligned-center is-layout-flex wp-container-core-columns-is-layout-e477a36d wp-block-columns-is-layout-flex\" style=\"padding-bottom:var(--wp--preset--spacing--60)\">\n<div class=\"wp-block-column is-vertically-aligned-center is-layout-flow wp-block-column-is-layout-flow\" style=\"flex-basis:50%\">\n<h3 class=\"wp-block-heading has-text-align-center\"><strong><strong><mark style=\"background-color:#000000\" class=\"has-inline-color has-background-color\"><strong><strong><strong><mark style=\"background-color:#000000\" class=\"has-inline-color has-background-color\"> HP EliteDesk 8 G1i AI <\/mark><\/strong><\/strong><\/strong><\/mark><\/strong><\/strong><\/h3>\n\n\n\n<div class=\"wp-block-group is-layout-constrained wp-container-core-group-is-layout-71e87c93 wp-block-group-is-layout-constrained\" style=\"padding-bottom:var(--wp--preset--spacing--30);padding-left:var(--wp--preset--spacing--50)\">\n<p class=\"has-text-align-center has-primary-color has-text-color has-link-color wp-elements-ba1c722eeed7f2f124b15019dc17f0db\"><strong>PRIX EXCLUSIF SUR DEMANDE <\/strong><br><strong>et b\u00e9n\u00e9ficiez de 200 \u20ac HT rembours\u00e9s par HP*<\/strong><\/p>\n<\/div>\n\n\n\n<div class=\"wp-block-group is-layout-constrained wp-container-core-group-is-layout-ba75fb5d wp-block-group-is-layout-constrained\" style=\"padding-left:var(--wp--preset--spacing--50)\">\n<ul class=\"wp-block-list\">\n<li><strong>Processeur : <\/strong>Intel Core Ultra U5-225T<\/li>\n\n\n\n<li><strong>M\u00e9moire :<\/strong> 16 Go RAM<\/li>\n\n\n\n<li><strong>Stockage :<\/strong> 512 Go SSD NVMe<\/li>\n\n\n\n<li><strong>Garantie constructeur :<\/strong> 3 ans<\/li>\n<\/ul>\n<\/div>\n\n\n\n<div class=\"wp-block-buttons is-content-justification-center is-layout-flex wp-container-core-buttons-is-layout-a89b3969 wp-block-buttons-is-layout-flex\">\n<div class=\"wp-block-button is-style-fill\"><a class=\"wp-block-button__link has-background-color has-primary-background-color has-text-color has-background has-link-color wp-element-button\" href=\"https:\/\/www.xefi.fr\/fr\/decouvrir-xefi\/a-propos-de-nous\/contacter-le-groupe\/\">je demande un devis<\/a><\/div>\n<\/div>\n<\/div>\n\n\n\n<div class=\"wp-block-column is-vertically-aligned-center is-layout-flow wp-block-column-is-layout-flow\" style=\"flex-basis:50%\">\n<figure class=\"wp-block-image alignright size-full is-resized\"><img loading=\"lazy\" decoding=\"async\" width=\"573\" height=\"487\" src=\"https:\/\/www.xefi.fr\/wp-content\/uploads\/sites\/2\/2025\/11\/Offres-exclusives-sur-votre-futur-equipement-HP_-HP-EliteDesk-8-G1i-AI_XEFI-Prestataire-Partenaire-informatique-des-TPE-PME.webp\" alt=\"\" class=\"wp-image-12991\" style=\"width:400px\" srcset=\"https:\/\/www.xefi.fr\/wp-content\/uploads\/sites\/2\/2025\/11\/Offres-exclusives-sur-votre-futur-equipement-HP_-HP-EliteDesk-8-G1i-AI_XEFI-Prestataire-Partenaire-informatique-des-TPE-PME.webp 573w, https:\/\/www.xefi.fr\/wp-content\/uploads\/sites\/2\/2025\/11\/Offres-exclusives-sur-votre-futur-equipement-HP_-HP-EliteDesk-8-G1i-AI_XEFI-Prestataire-Partenaire-informatique-des-TPE-PME-300x255.webp 300w\" sizes=\"auto, (max-width: 573px) 100vw, 573px\" \/><\/figure>\n<\/div>\n<\/div>\n<\/div>\n<\/div>\n\n\n\n<div class=\"wp-block-group is-layout-constrained wp-block-group-is-layout-constrained\" style=\"padding-bottom:var(--wp--preset--spacing--60)\">\n<div class=\"wp-block-group is-content-justification-center is-nowrap is-layout-flex wp-container-core-group-is-layout-23441af8 wp-block-group-is-layout-flex\">\n<div class=\"wp-block-columns are-vertically-aligned-center is-layout-flex wp-container-core-columns-is-layout-e477a36d wp-block-columns-is-layout-flex\" style=\"padding-bottom:var(--wp--preset--spacing--60)\">\n<div class=\"wp-block-column is-vertically-aligned-center is-layout-flow wp-block-column-is-layout-flow\" style=\"flex-basis:50%\">\n<figure class=\"wp-block-image alignleft size-full is-resized\"><img loading=\"lazy\" decoding=\"async\" width=\"573\" height=\"487\" src=\"https:\/\/www.xefi.fr\/wp-content\/uploads\/sites\/2\/2025\/11\/Offres-exclusives-sur-votre-futur-equipement-HP_-HP-ProDesk-4-G1i-AI_XEFI-Prestataire-Partenaire-informatique-des-TPE-PME.webp\" alt=\"HP ProDesk 4 G1i AI\" class=\"wp-image-12992\" style=\"width:400px\" srcset=\"https:\/\/www.xefi.fr\/wp-content\/uploads\/sites\/2\/2025\/11\/Offres-exclusives-sur-votre-futur-equipement-HP_-HP-ProDesk-4-G1i-AI_XEFI-Prestataire-Partenaire-informatique-des-TPE-PME.webp 573w, https:\/\/www.xefi.fr\/wp-content\/uploads\/sites\/2\/2025\/11\/Offres-exclusives-sur-votre-futur-equipement-HP_-HP-ProDesk-4-G1i-AI_XEFI-Prestataire-Partenaire-informatique-des-TPE-PME-300x255.webp 300w\" sizes=\"auto, (max-width: 573px) 100vw, 573px\" \/><\/figure>\n<\/div>\n\n\n\n<div class=\"wp-block-column is-vertically-aligned-center is-layout-flow wp-block-column-is-layout-flow\" style=\"flex-basis:50%\">\n<h3 class=\"wp-block-heading has-text-align-center\"><strong><strong><mark style=\"background-color:#000000\" class=\"has-inline-color has-background-color\"><strong><strong><strong><strong><mark style=\"background-color:#000000\" class=\"has-inline-color has-background-color\"><strong><strong><strong><mark style=\"background-color:#000000\" class=\"has-inline-color has-background-color\"> HP ProDesk 4 G1i AI <\/mark><\/strong><\/strong><\/strong><\/mark><\/strong><\/strong><\/strong><\/strong><\/mark><\/strong><\/strong><\/h3>\n\n\n\n<div class=\"wp-block-group is-layout-constrained wp-container-core-group-is-layout-71e87c93 wp-block-group-is-layout-constrained\" style=\"padding-bottom:var(--wp--preset--spacing--30);padding-left:var(--wp--preset--spacing--50)\">\n<p class=\"has-text-align-center has-primary-color has-text-color has-link-color wp-elements-b470deef799749c82566946a1601be2b\"><strong>PRIX EXCLUSIF SUR DEMANDE <\/strong><br><strong>et b\u00e9n\u00e9ficiez de 100 \u20ac HT rembours\u00e9s par HP*<\/strong><\/p>\n<\/div>\n\n\n\n<div class=\"wp-block-group is-layout-constrained wp-container-core-group-is-layout-ba75fb5d wp-block-group-is-layout-constrained\" style=\"padding-left:var(--wp--preset--spacing--50)\">\n<ul class=\"wp-block-list\">\n<li><strong>Processeur : <\/strong>Intel Core Ultra U5-225T<\/li>\n\n\n\n<li><strong>M\u00e9moire :<\/strong> 16 Go RAM<\/li>\n\n\n\n<li><strong>Stockage :<\/strong> 512 Go SSD NVMe<\/li>\n\n\n\n<li><strong>Garantie constructeur :<\/strong> 3 ans<\/li>\n<\/ul>\n<\/div>\n\n\n\n<div class=\"wp-block-buttons is-content-justification-center is-layout-flex wp-container-core-buttons-is-layout-a89b3969 wp-block-buttons-is-layout-flex\">\n<div class=\"wp-block-button is-style-fill\"><a class=\"wp-block-button__link has-background-color has-primary-background-color has-text-color has-background has-link-color wp-element-button\" href=\"https:\/\/www.xefi.fr\/fr\/decouvrir-xefi\/a-propos-de-nous\/contacter-le-groupe\/\">je demande un devis<\/a><\/div>\n<\/div>\n<\/div>\n<\/div>\n<\/div>\n<\/div>\n<\/div>\n<\/div>\n\n\n\n<hr class=\"wp-block-separator has-alpha-channel-opacity is-style-default\" \/>\n\n\n\n<div class=\"wp-block-group is-content-justification-left is-layout-constrained wp-container-core-group-is-layout-de3136d1 wp-block-group-is-layout-constrained\" style=\"padding-top:var(--wp--preset--spacing--60);padding-bottom:var(--wp--preset--spacing--60)\">\n<h2 class=\"wp-block-heading\"><strong>Pour aller plus loin&nbsp;:<\/strong><\/h2>\n\n\n\n<ul class=\"wp-block-list\">\n<li><a href=\"https:\/\/www.xefi.fr\/fr\/votre-pme-est-elle-prete-pour-windows-11\/\"><strong>Fin du support Windows 10 : votre PME est-elle pr\u00eate ?<\/strong><\/a><\/li>\n\n\n\n<li><strong><a href=\"https:\/\/www.xefi.fr\/fr\/notre-expert-it-pierre-nous-parle-de-nos-solutions-en-equipement-informatique\/\">Vid\u00e9o de notre expert IT, Pierre vous pr\u00e9sente notre offre compl\u00e8te autour de l&rsquo;\u00e9quipement<\/a><\/strong><\/li>\n\n\n\n<li><a href=\"https:\/\/www.xefi.fr\/fr\/\"><strong>D\u00e9couvrez comment XEFI peut vous accompagner dans la gestion de votre parc informatique<\/strong><\/a><\/li>\n<\/ul>\n<\/div>\n","protected":false},"excerpt":{"rendered":"<p>Chaque mois d\u2019octobre, le Cybermois met en lumi\u00e8re les enjeux de la s\u00e9curit\u00e9 num\u00e9rique en France et en Europe. Pour sa 13\u1d49 \u00e9dition, le Mois du Cyber port\u00e9 par\u00a0cybermalveillance.gouv.fr, a un objectif clair : sensibiliser les entreprises et leurs collaborateurs aux bonnes pratiques pour pr\u00e9venir les cyberattaques.<\/p>\n","protected":false},"author":7,"featured_media":12987,"comment_status":"open","ping_status":"open","sticky":false,"template":"","format":"standard","meta":{"_acf_changed":false,"footnotes":""},"categories":[22],"tags":[145,172,178,170],"article_type":[137],"class_list":["post-12936","post","type-post","status-publish","format-standard","has-post-thumbnail","hentry","category-equipement","tag-hp","tag-odr","tag-offre-commerciale","tag-windows-11","article_type-actualite"],"acf":[],"_links":{"self":[{"href":"https:\/\/www.xefi.fr\/fr\/wp-json\/wp\/v2\/posts\/12936","targetHints":{"allow":["GET"]}}],"collection":[{"href":"https:\/\/www.xefi.fr\/fr\/wp-json\/wp\/v2\/posts"}],"about":[{"href":"https:\/\/www.xefi.fr\/fr\/wp-json\/wp\/v2\/types\/post"}],"author":[{"embeddable":true,"href":"https:\/\/www.xefi.fr\/fr\/wp-json\/wp\/v2\/users\/7"}],"replies":[{"embeddable":true,"href":"https:\/\/www.xefi.fr\/fr\/wp-json\/wp\/v2\/comments?post=12936"}],"version-history":[{"count":104,"href":"https:\/\/www.xefi.fr\/fr\/wp-json\/wp\/v2\/posts\/12936\/revisions"}],"predecessor-version":[{"id":13474,"href":"https:\/\/www.xefi.fr\/fr\/wp-json\/wp\/v2\/posts\/12936\/revisions\/13474"}],"wp:featuredmedia":[{"embeddable":true,"href":"https:\/\/www.xefi.fr\/fr\/wp-json\/wp\/v2\/media\/12987"}],"wp:attachment":[{"href":"https:\/\/www.xefi.fr\/fr\/wp-json\/wp\/v2\/media?parent=12936"}],"wp:term":[{"taxonomy":"category","embeddable":true,"href":"https:\/\/www.xefi.fr\/fr\/wp-json\/wp\/v2\/categories?post=12936"},{"taxonomy":"post_tag","embeddable":true,"href":"https:\/\/www.xefi.fr\/fr\/wp-json\/wp\/v2\/tags?post=12936"},{"taxonomy":"article_type","embeddable":true,"href":"https:\/\/www.xefi.fr\/fr\/wp-json\/wp\/v2\/article_type?post=12936"}],"curies":[{"name":"wp","href":"https:\/\/api.w.org\/{rel}","templated":true}]}}