{"id":12654,"date":"2025-10-27T09:26:12","date_gmt":"2025-10-27T08:26:12","guid":{"rendered":"https:\/\/www.xefi.fr\/?p=12654"},"modified":"2025-12-12T16:44:04","modified_gmt":"2025-12-12T15:44:04","slug":"cybermois-votre-tpe-pme-est-elle-prete-a-faire-face-aux-cyberattaques","status":"publish","type":"post","link":"https:\/\/www.xefi.fr\/fr\/cybermois-votre-tpe-pme-est-elle-prete-a-faire-face-aux-cyberattaques\/","title":{"rendered":"Cybermois\u00a0: votre TPE ou PME est-elle pr\u00eate \u00e0 faire face aux cyberattaques\u00a0?"},"content":{"rendered":"\n<p><em>Chaque mois d\u2019octobre, le Cybermois met en lumi\u00e8re les enjeux de la s\u00e9curit\u00e9 num\u00e9rique en France et en Europe. Pour sa 13<\/em><em>\u1d49<\/em><em> \u00e9dition, le Mois du Cyber port\u00e9 par&nbsp;<\/em><a href=\"https:\/\/www.cybermalveillance.gouv.fr\/\" target=\"_blank\" rel=\"noopener\"><strong><em>cybermalveillance.gouv.fr<\/em><\/strong><\/a><em>, a un objectif clair : <strong>sensibiliser les entreprises<\/strong> et leurs collaborateurs <strong>aux bonnes pratiques pour pr\u00e9venir les cyberattaques<\/strong>.<\/em><\/p>\n\n\n\n<p><em>Cette initiative europ\u00e9enne mobilise chaque ann\u00e9e des centaines d\u2019acteurs du num\u00e9rique autour d\u2019\u00e9v\u00e9nements, de conf\u00e9rences et d\u2019ateliers pratiques.<\/em><\/p>\n\n\n\n<p><em>Le Cybermois est un rappel essentiel pour<strong> les TPE et PME qui sont les cibles privil\u00e9gi\u00e9es des cybercriminels<\/strong>.<\/em><\/p>\n\n\n\n<div style=\"height:15px\" aria-hidden=\"true\" class=\"wp-block-spacer\"><\/div>\n\n\n\n<figure class=\"wp-block-image aligncenter size-large is-resized\"><img loading=\"lazy\" decoding=\"async\" width=\"1024\" height=\"576\" src=\"https:\/\/www.xefi.fr\/wp-content\/uploads\/sites\/2\/2025\/10\/Actualite-Cybermois-votre-TPE-PME-est-elle-prete-a-faire-face-aux-cyberattaques_XEFI-Partenaire-informatique-des-TPE-PME-1024x576.jpg\" alt=\"\" class=\"wp-image-12636\" style=\"width:764px;height:auto\" srcset=\"https:\/\/www.xefi.fr\/wp-content\/uploads\/sites\/2\/2025\/10\/Actualite-Cybermois-votre-TPE-PME-est-elle-prete-a-faire-face-aux-cyberattaques_XEFI-Partenaire-informatique-des-TPE-PME-1024x576.jpg 1024w, https:\/\/www.xefi.fr\/wp-content\/uploads\/sites\/2\/2025\/10\/Actualite-Cybermois-votre-TPE-PME-est-elle-prete-a-faire-face-aux-cyberattaques_XEFI-Partenaire-informatique-des-TPE-PME-300x169.jpg 300w, https:\/\/www.xefi.fr\/wp-content\/uploads\/sites\/2\/2025\/10\/Actualite-Cybermois-votre-TPE-PME-est-elle-prete-a-faire-face-aux-cyberattaques_XEFI-Partenaire-informatique-des-TPE-PME-768x432.jpg 768w, https:\/\/www.xefi.fr\/wp-content\/uploads\/sites\/2\/2025\/10\/Actualite-Cybermois-votre-TPE-PME-est-elle-prete-a-faire-face-aux-cyberattaques_XEFI-Partenaire-informatique-des-TPE-PME-1536x864.jpg 1536w, https:\/\/www.xefi.fr\/wp-content\/uploads\/sites\/2\/2025\/10\/Actualite-Cybermois-votre-TPE-PME-est-elle-prete-a-faire-face-aux-cyberattaques_XEFI-Partenaire-informatique-des-TPE-PME.jpg 1920w\" sizes=\"auto, (max-width: 1024px) 100vw, 1024px\" \/><\/figure>\n\n\n\n<div style=\"height:15px\" aria-hidden=\"true\" class=\"wp-block-spacer\"><\/div>\n\n\n\n<div style=\"height:20px\" aria-hidden=\"true\" class=\"wp-block-spacer\"><\/div>\n\n\n\n<h2 class=\"wp-block-heading\"><strong>Cybermois 2025 : un mois de mobilisation contre les cybermenaces<\/strong><\/h2>\n\n\n\n<p>Chaque ann\u00e9e en octobre, le Cybermois revient, pilot\u00e9 en France par <a href=\"https:\/\/www.cybermalveillance.gouv.fr\/\" target=\"_blank\" rel=\"noopener\"><strong>cybermalveillance.gouv.fr<\/strong><\/a><strong>, propose une campagne de sensibilisation d\u00e9di\u00e9e \u00e0 la s\u00e9curit\u00e9 informatique<\/strong>.<\/p>\n\n\n\n<div style=\"height:15px\" aria-hidden=\"true\" class=\"wp-block-spacer\"><\/div>\n\n\n\n<h3 class=\"wp-block-heading\"><a href=\"https:\/\/www.cybermalveillance.gouv.fr\/tous-nos-contenus\/actualites\/cybermois-2025-campagne\" target=\"_blank\" rel=\"noreferrer noopener\"><strong>&nbsp;\u201cHistoire de Cyber\u201d :<\/strong><\/a><strong>&nbsp;une campagne de communication qui revisite des faits historiques pour illustrer les bons r\u00e9flexes num\u00e9riques<\/strong><\/h3>\n\n\n\n<p>L\u2019\u00e9dition 2025 invite notamment les entreprises, en particulier les TPE et PME vuln\u00e9rables, \u00e0 r\u00e9fl\u00e9chir \u00e0 une question essentielle&nbsp;:&nbsp;<strong>Et si l\u2019Histoire avait \u00e9t\u00e9 boulevers\u00e9e par de mauvaises pratiques de s\u00e9curit\u00e9 informatique&nbsp;? \u00e0 travers une campagne de communication \u00ab&nbsp;Histoire de cyber&nbsp;\u00bb qui revisite des faits historiques pour illustrer les bons r\u00e9flexes num\u00e9riques.<\/strong><\/p>\n\n\n\n<div style=\"height:15px\" aria-hidden=\"true\" class=\"wp-block-spacer\"><\/div>\n\n\n\n<div class=\"wp-block-columns is-layout-flex wp-container-core-columns-is-layout-28f84493 wp-block-columns-is-layout-flex\">\n<div class=\"wp-block-column is-layout-flow wp-block-column-is-layout-flow\"><\/div>\n\n\n\n<div class=\"wp-block-column is-layout-flow wp-block-column-is-layout-flow\"><\/div>\n<\/div>\n\n\n\n<div class=\"wp-block-columns is-layout-flex wp-container-core-columns-is-layout-28f84493 wp-block-columns-is-layout-flex\">\n<div class=\"wp-block-column is-layout-flow wp-block-column-is-layout-flow\" style=\"flex-basis:33.33%\">\n<p><\/p>\n\n\n\n<p class=\"has-text-align-center\"><strong>52 av J.-C. : Si\u00e8ge d\u2019Al\u00e9sia<\/strong><\/p>\n\n\n\n<blockquote class=\"wp-block-quote is-layout-flow wp-block-quote-is-layout-flow\">\n<p class=\"has-text-align-center\"><strong>Vercing\u00e9torix<br>aurait emp\u00each\u00e9 l\u2019invasion<br>s\u2019il avait activ\u00e9 la<br>double authentification<br>sur chaque forteresse.<\/strong><\/p>\n\n\n\n<p class=\"has-text-align-center\"><\/p>\n<\/blockquote>\n<\/div>\n\n\n\n<div class=\"wp-block-column is-layout-flow wp-block-column-is-layout-flow\" style=\"flex-basis:66.66%\">\n<figure class=\"wp-block-image alignright size-large is-resized\"><img loading=\"lazy\" decoding=\"async\" width=\"1024\" height=\"576\" src=\"https:\/\/www.xefi.fr\/wp-content\/uploads\/sites\/2\/2025\/10\/Vercingetorix-aurait-empeche-l-invasion-s-il-avait-active-la-double-authentification-sur-chaque-forteresse_XEFI-Partenaire-informatique-des-TPE-PME-1024x576.jpg\" alt=\"\" class=\"wp-image-12652\" style=\"width:675px;height:auto\" srcset=\"https:\/\/www.xefi.fr\/wp-content\/uploads\/sites\/2\/2025\/10\/Vercingetorix-aurait-empeche-l-invasion-s-il-avait-active-la-double-authentification-sur-chaque-forteresse_XEFI-Partenaire-informatique-des-TPE-PME-1024x576.jpg 1024w, https:\/\/www.xefi.fr\/wp-content\/uploads\/sites\/2\/2025\/10\/Vercingetorix-aurait-empeche-l-invasion-s-il-avait-active-la-double-authentification-sur-chaque-forteresse_XEFI-Partenaire-informatique-des-TPE-PME-300x169.jpg 300w, https:\/\/www.xefi.fr\/wp-content\/uploads\/sites\/2\/2025\/10\/Vercingetorix-aurait-empeche-l-invasion-s-il-avait-active-la-double-authentification-sur-chaque-forteresse_XEFI-Partenaire-informatique-des-TPE-PME-768x432.jpg 768w, https:\/\/www.xefi.fr\/wp-content\/uploads\/sites\/2\/2025\/10\/Vercingetorix-aurait-empeche-l-invasion-s-il-avait-active-la-double-authentification-sur-chaque-forteresse_XEFI-Partenaire-informatique-des-TPE-PME-1536x864.jpg 1536w, https:\/\/www.xefi.fr\/wp-content\/uploads\/sites\/2\/2025\/10\/Vercingetorix-aurait-empeche-l-invasion-s-il-avait-active-la-double-authentification-sur-chaque-forteresse_XEFI-Partenaire-informatique-des-TPE-PME.jpg 1920w\" sizes=\"auto, (max-width: 1024px) 100vw, 1024px\" \/><\/figure>\n<\/div>\n<\/div>\n\n\n\n<div style=\"height:15px\" aria-hidden=\"true\" class=\"wp-block-spacer\"><\/div>\n\n\n\n<div class=\"wp-block-columns is-layout-flex wp-container-core-columns-is-layout-28f84493 wp-block-columns-is-layout-flex\">\n<div class=\"wp-block-column is-layout-flow wp-block-column-is-layout-flow\">\n<figure class=\"wp-block-image aligncenter size-large\"><img loading=\"lazy\" decoding=\"async\" width=\"1024\" height=\"576\" src=\"https:\/\/www.xefi.fr\/wp-content\/uploads\/sites\/2\/2025\/10\/Jeanne-d-Arc-n-aurait-pas-fini-sur-le-bucher-si-elle-avait-utilise-un-pare-feu_campagne-histoire-de-cyber__XEFI-Partenaire-informatique-des-TPE-PME-1024x576.jpg\" alt=\"\" class=\"wp-image-12644\" srcset=\"https:\/\/www.xefi.fr\/wp-content\/uploads\/sites\/2\/2025\/10\/Jeanne-d-Arc-n-aurait-pas-fini-sur-le-bucher-si-elle-avait-utilise-un-pare-feu_campagne-histoire-de-cyber__XEFI-Partenaire-informatique-des-TPE-PME-1024x576.jpg 1024w, https:\/\/www.xefi.fr\/wp-content\/uploads\/sites\/2\/2025\/10\/Jeanne-d-Arc-n-aurait-pas-fini-sur-le-bucher-si-elle-avait-utilise-un-pare-feu_campagne-histoire-de-cyber__XEFI-Partenaire-informatique-des-TPE-PME-300x169.jpg 300w, https:\/\/www.xefi.fr\/wp-content\/uploads\/sites\/2\/2025\/10\/Jeanne-d-Arc-n-aurait-pas-fini-sur-le-bucher-si-elle-avait-utilise-un-pare-feu_campagne-histoire-de-cyber__XEFI-Partenaire-informatique-des-TPE-PME-768x432.jpg 768w, https:\/\/www.xefi.fr\/wp-content\/uploads\/sites\/2\/2025\/10\/Jeanne-d-Arc-n-aurait-pas-fini-sur-le-bucher-si-elle-avait-utilise-un-pare-feu_campagne-histoire-de-cyber__XEFI-Partenaire-informatique-des-TPE-PME-1536x864.jpg 1536w, https:\/\/www.xefi.fr\/wp-content\/uploads\/sites\/2\/2025\/10\/Jeanne-d-Arc-n-aurait-pas-fini-sur-le-bucher-si-elle-avait-utilise-un-pare-feu_campagne-histoire-de-cyber__XEFI-Partenaire-informatique-des-TPE-PME.jpg 1920w\" sizes=\"auto, (max-width: 1024px) 100vw, 1024px\" \/><\/figure>\n<\/div>\n\n\n\n<div class=\"wp-block-column is-layout-flow wp-block-column-is-layout-flow\">\n<p><\/p>\n\n\n\n<p><\/p>\n\n\n\n<p><\/p>\n\n\n\n<blockquote class=\"wp-block-quote is-layout-flow wp-block-quote-is-layout-flow\">\n<p class=\"has-text-align-center\"><strong>1431 : Condamnation de Jeanne d\u2019Arc<\/strong><\/p>\n\n\n\n<p class=\"has-text-align-center\"><strong>Jeanne d\u2019Arc<br>n\u2019aurait pas fini sur<br>le b\u00fbcher si elle avait<br>utilis\u00e9 un pare-feu.<\/strong><\/p>\n<\/blockquote>\n<\/div>\n<\/div>\n\n\n\n<div style=\"height:15px\" aria-hidden=\"true\" class=\"wp-block-spacer\"><\/div>\n\n\n\n<div class=\"wp-block-columns is-layout-flex wp-container-core-columns-is-layout-28f84493 wp-block-columns-is-layout-flex\">\n<div class=\"wp-block-column is-layout-flow wp-block-column-is-layout-flow\">\n<blockquote class=\"wp-block-quote alignleft is-layout-flow wp-block-quote-is-layout-flow\">\n<p><\/p>\n<\/blockquote>\n<\/div>\n\n\n\n<div class=\"wp-block-column is-layout-flow wp-block-column-is-layout-flow\"><\/div>\n<\/div>\n\n\n\n<div class=\"wp-block-columns is-layout-flex wp-container-core-columns-is-layout-28f84493 wp-block-columns-is-layout-flex\">\n<div class=\"wp-block-column is-layout-flow wp-block-column-is-layout-flow\">\n<div class=\"wp-block-columns is-layout-flex wp-container-core-columns-is-layout-28f84493 wp-block-columns-is-layout-flex\">\n<div class=\"wp-block-column is-layout-flow wp-block-column-is-layout-flow\">\n<blockquote class=\"wp-block-quote is-layout-flow wp-block-quote-is-layout-flow\">\n<p><\/p>\n\n\n\n<p><\/p>\n\n\n\n<p class=\"has-text-align-center\"><strong>1492 : D\u00e9couverte de l\u2019Am\u00e9rique<\/strong><\/p>\n\n\n\n<p class=\"has-text-align-center\"><strong>Christophe Colomb<br>serait arriv\u00e9 \u00e0 bon port<br>s\u2019il avait bien<br>enregistr\u00e9 ses cartes.<\/strong><\/p>\n\n\n\n<p class=\"has-text-align-center\"><\/p>\n<\/blockquote>\n<\/div>\n<\/div>\n<\/div>\n\n\n\n<div class=\"wp-block-column is-layout-flow wp-block-column-is-layout-flow\">\n<figure class=\"wp-block-image size-large\"><img loading=\"lazy\" decoding=\"async\" width=\"1024\" height=\"576\" src=\"https:\/\/www.xefi.fr\/wp-content\/uploads\/sites\/2\/2025\/10\/Christophe-Colomb-serait-arrive-a-bon-port-s-il-avait-bien-enregistre-ses-cartes_campagne-histoire-de-cyber__XEFI-Partenaire-informatique-des-TPE-PME-1024x576.jpg\" alt=\"\" class=\"wp-image-12642\" srcset=\"https:\/\/www.xefi.fr\/wp-content\/uploads\/sites\/2\/2025\/10\/Christophe-Colomb-serait-arrive-a-bon-port-s-il-avait-bien-enregistre-ses-cartes_campagne-histoire-de-cyber__XEFI-Partenaire-informatique-des-TPE-PME-1024x576.jpg 1024w, https:\/\/www.xefi.fr\/wp-content\/uploads\/sites\/2\/2025\/10\/Christophe-Colomb-serait-arrive-a-bon-port-s-il-avait-bien-enregistre-ses-cartes_campagne-histoire-de-cyber__XEFI-Partenaire-informatique-des-TPE-PME-300x169.jpg 300w, https:\/\/www.xefi.fr\/wp-content\/uploads\/sites\/2\/2025\/10\/Christophe-Colomb-serait-arrive-a-bon-port-s-il-avait-bien-enregistre-ses-cartes_campagne-histoire-de-cyber__XEFI-Partenaire-informatique-des-TPE-PME-768x432.jpg 768w, https:\/\/www.xefi.fr\/wp-content\/uploads\/sites\/2\/2025\/10\/Christophe-Colomb-serait-arrive-a-bon-port-s-il-avait-bien-enregistre-ses-cartes_campagne-histoire-de-cyber__XEFI-Partenaire-informatique-des-TPE-PME-1536x864.jpg 1536w, https:\/\/www.xefi.fr\/wp-content\/uploads\/sites\/2\/2025\/10\/Christophe-Colomb-serait-arrive-a-bon-port-s-il-avait-bien-enregistre-ses-cartes_campagne-histoire-de-cyber__XEFI-Partenaire-informatique-des-TPE-PME.jpg 1920w\" sizes=\"auto, (max-width: 1024px) 100vw, 1024px\" \/><\/figure>\n<\/div>\n<\/div>\n\n\n\n<div style=\"height:15px\" aria-hidden=\"true\" class=\"wp-block-spacer\"><\/div>\n\n\n\n<div class=\"wp-block-columns is-layout-flex wp-container-core-columns-is-layout-28f84493 wp-block-columns-is-layout-flex\">\n<div class=\"wp-block-column is-layout-flow wp-block-column-is-layout-flow\">\n<div class=\"wp-block-columns is-layout-flex wp-container-core-columns-is-layout-28f84493 wp-block-columns-is-layout-flex\">\n<div class=\"wp-block-column is-layout-flow wp-block-column-is-layout-flow\">\n<blockquote class=\"wp-block-quote is-layout-flow wp-block-quote-is-layout-flow\">\n<p><\/p>\n<\/blockquote>\n<\/div>\n<\/div>\n<\/div>\n\n\n\n<div class=\"wp-block-column is-layout-flow wp-block-column-is-layout-flow\"><\/div>\n<\/div>\n\n\n\n<div class=\"wp-block-columns is-layout-flex wp-container-core-columns-is-layout-28f84493 wp-block-columns-is-layout-flex\">\n<div class=\"wp-block-column is-layout-flow wp-block-column-is-layout-flow\">\n<figure class=\"wp-block-image size-large\"><img loading=\"lazy\" decoding=\"async\" width=\"1024\" height=\"576\" src=\"https:\/\/www.xefi.fr\/wp-content\/uploads\/sites\/2\/2025\/10\/Napoleon-aurait-gagne-Waterloo-s-il-n-avait-pas-active-sa-geoloc-sur-les-reseaux-sociaux_campagne-histoire-de-cyber__XEFI-Partenaire-informatique-des-TPE-PME-1024x576.jpg\" alt=\"\" class=\"wp-image-12650\" srcset=\"https:\/\/www.xefi.fr\/wp-content\/uploads\/sites\/2\/2025\/10\/Napoleon-aurait-gagne-Waterloo-s-il-n-avait-pas-active-sa-geoloc-sur-les-reseaux-sociaux_campagne-histoire-de-cyber__XEFI-Partenaire-informatique-des-TPE-PME-1024x576.jpg 1024w, https:\/\/www.xefi.fr\/wp-content\/uploads\/sites\/2\/2025\/10\/Napoleon-aurait-gagne-Waterloo-s-il-n-avait-pas-active-sa-geoloc-sur-les-reseaux-sociaux_campagne-histoire-de-cyber__XEFI-Partenaire-informatique-des-TPE-PME-300x169.jpg 300w, https:\/\/www.xefi.fr\/wp-content\/uploads\/sites\/2\/2025\/10\/Napoleon-aurait-gagne-Waterloo-s-il-n-avait-pas-active-sa-geoloc-sur-les-reseaux-sociaux_campagne-histoire-de-cyber__XEFI-Partenaire-informatique-des-TPE-PME-768x432.jpg 768w, https:\/\/www.xefi.fr\/wp-content\/uploads\/sites\/2\/2025\/10\/Napoleon-aurait-gagne-Waterloo-s-il-n-avait-pas-active-sa-geoloc-sur-les-reseaux-sociaux_campagne-histoire-de-cyber__XEFI-Partenaire-informatique-des-TPE-PME-1536x864.jpg 1536w, https:\/\/www.xefi.fr\/wp-content\/uploads\/sites\/2\/2025\/10\/Napoleon-aurait-gagne-Waterloo-s-il-n-avait-pas-active-sa-geoloc-sur-les-reseaux-sociaux_campagne-histoire-de-cyber__XEFI-Partenaire-informatique-des-TPE-PME.jpg 1920w\" sizes=\"auto, (max-width: 1024px) 100vw, 1024px\" \/><\/figure>\n<\/div>\n\n\n\n<div class=\"wp-block-column is-layout-flow wp-block-column-is-layout-flow\">\n<p><\/p>\n\n\n\n<p><\/p>\n\n\n\n<blockquote class=\"wp-block-quote is-layout-flow wp-block-quote-is-layout-flow\">\n<p><\/p>\n\n\n\n<p class=\"has-text-align-center\"><strong>1815 : Bataille de Waterloo<\/strong><\/p>\n\n\n\n<p class=\"has-text-align-center\"><strong>Napol\u00e9on<br>aurait gagn\u00e9 Waterloo<br>s\u2019il n\u2019avait pas activ\u00e9 sa<br>g\u00e9oloc\u2019 sur les r\u00e9seaux<br>sociaux.<\/strong><\/p>\n<\/blockquote>\n<\/div>\n<\/div>\n\n\n\n<div style=\"height:15px\" aria-hidden=\"true\" class=\"wp-block-spacer\"><\/div>\n\n\n\n<div class=\"wp-block-columns is-layout-flex wp-container-core-columns-is-layout-28f84493 wp-block-columns-is-layout-flex\">\n<div class=\"wp-block-column is-layout-flow wp-block-column-is-layout-flow\">\n<blockquote class=\"wp-block-quote is-layout-flow wp-block-quote-is-layout-flow\">\n<p><\/p>\n\n\n\n<p class=\"has-text-align-center\"><strong>1912 : Naufrage du Titanic<\/strong><\/p>\n\n\n\n<p class=\"has-text-align-center\"><strong>Le Titanic<br>n\u2019aurait pas connu<br>une fin aussi glaciale<br>si son GPS avait<br>\u00e9t\u00e9 mis \u00e0 jour.<\/strong><\/p>\n<\/blockquote>\n<\/div>\n\n\n\n<div class=\"wp-block-column is-layout-flow wp-block-column-is-layout-flow\">\n<figure class=\"wp-block-image size-large\"><img loading=\"lazy\" decoding=\"async\" width=\"1024\" height=\"576\" src=\"https:\/\/www.xefi.fr\/wp-content\/uploads\/sites\/2\/2025\/10\/Le-Titanic-n-aurait-pas-connu-une-fin-aussi-glaciale-si-son-GPS-avait-ete-mis-a-jour_campagne-histoire-de-cyber_XEFI-Partenaire-informatique-des-TPE-PME-1024x576.jpg\" alt=\"\" class=\"wp-image-12646\" srcset=\"https:\/\/www.xefi.fr\/wp-content\/uploads\/sites\/2\/2025\/10\/Le-Titanic-n-aurait-pas-connu-une-fin-aussi-glaciale-si-son-GPS-avait-ete-mis-a-jour_campagne-histoire-de-cyber_XEFI-Partenaire-informatique-des-TPE-PME-1024x576.jpg 1024w, https:\/\/www.xefi.fr\/wp-content\/uploads\/sites\/2\/2025\/10\/Le-Titanic-n-aurait-pas-connu-une-fin-aussi-glaciale-si-son-GPS-avait-ete-mis-a-jour_campagne-histoire-de-cyber_XEFI-Partenaire-informatique-des-TPE-PME-300x169.jpg 300w, https:\/\/www.xefi.fr\/wp-content\/uploads\/sites\/2\/2025\/10\/Le-Titanic-n-aurait-pas-connu-une-fin-aussi-glaciale-si-son-GPS-avait-ete-mis-a-jour_campagne-histoire-de-cyber_XEFI-Partenaire-informatique-des-TPE-PME-768x432.jpg 768w, https:\/\/www.xefi.fr\/wp-content\/uploads\/sites\/2\/2025\/10\/Le-Titanic-n-aurait-pas-connu-une-fin-aussi-glaciale-si-son-GPS-avait-ete-mis-a-jour_campagne-histoire-de-cyber_XEFI-Partenaire-informatique-des-TPE-PME-1536x864.jpg 1536w, https:\/\/www.xefi.fr\/wp-content\/uploads\/sites\/2\/2025\/10\/Le-Titanic-n-aurait-pas-connu-une-fin-aussi-glaciale-si-son-GPS-avait-ete-mis-a-jour_campagne-histoire-de-cyber_XEFI-Partenaire-informatique-des-TPE-PME.jpg 1920w\" sizes=\"auto, (max-width: 1024px) 100vw, 1024px\" \/><\/figure>\n<\/div>\n<\/div>\n\n\n\n<div style=\"height:25px\" aria-hidden=\"true\" class=\"wp-block-spacer\"><\/div>\n\n\n\n<p>Ce message p\u00e9dagogique \u00e9voque les bonnes pratiques en mati\u00e8re de s\u00e9curit\u00e9 num\u00e9rique et souligne clairement qu\u2019une mauvaise gestion de la s\u00e9curit\u00e9 informatique, un mot de passe trop faible ou une absence de sauvegarde peuvent avoir des&nbsp;<strong>cons\u00e9quences majeures sur les activit\u00e9s et la survie d\u2019une entreprise<\/strong>.<\/p>\n\n\n\n<p>Attaques par hame\u00e7onnage, vols de donn\u00e9es, escroqueries en ligne ou encore cyberharc\u00e8lement : les menaces se multiplient au sein des TPE et PME.<\/p>\n\n\n\n<p>Le&nbsp;<strong>Cybermois 2025<\/strong>&nbsp;veut rappeler que professionnel&nbsp;peut adopter des gestes simples pour limiter les risques.<\/p>\n\n\n\n<div style=\"height:15px\" aria-hidden=\"true\" class=\"wp-block-spacer\"><\/div>\n\n\n\n<h3 class=\"wp-block-heading\"><strong>Pourquoi un mois d\u00e9di\u00e9 \u00e0 la s\u00e9curit\u00e9 num\u00e9rique ?<\/strong><\/h3>\n\n\n\n<p>Les cyberattaques ne cessent de cro\u00eetre et aucune entreprise n\u2019est \u00e9pargn\u00e9e, qu\u2019il s\u2019agisse de TPE, de PME, de collectivit\u00e9s ou de grands Groupes. Le&nbsp;<strong>Cybermois <\/strong>a \u00e9t\u00e9 cr\u00e9\u00e9 pour :<\/p>\n\n\n\n<ul class=\"wp-block-list\">\n<li>Rappeler l\u2019importance d\u2019adopter de bons r\u00e9flexes num\u00e9riques,<\/li>\n\n\n\n<li>Informer sur les cybermenaces actuelles (phishing, ransomware, vol de donn\u00e9es\u2026),<\/li>\n\n\n\n<li>Donner aux collaborateurs les outils n\u00e9cessaires pour devenir le premier rempart face aux risques cybers.<\/li>\n<\/ul>\n\n\n\n<div style=\"height:4px\" aria-hidden=\"true\" class=\"wp-block-spacer\"><\/div>\n\n\n\n<div class=\"wp-block-buttons is-content-justification-center is-layout-flex wp-container-core-buttons-is-layout-a89b3969 wp-block-buttons-is-layout-flex\">\n<div class=\"wp-block-button\"><a class=\"wp-block-button__link has-background-color has-dark-background-color has-text-color has-background has-link-color wp-element-button\" href=\"https:\/\/www.xefi.fr\/fr\/securite\/\"><strong>D\u00c9COUVREZ NOS SOLUTIONS DE PROTECTION NUM\u00c9RIQUE<\/strong><\/a><\/div>\n<\/div>\n\n\n\n<div style=\"height:49px\" aria-hidden=\"true\" class=\"wp-block-spacer\"><\/div>\n\n\n\n<h2 class=\"wp-block-heading\"><strong>Le Cybermois 2025 : une forte alerte de s\u00e9curit\u00e9 informatique pour les TPE-PME<\/strong><\/h2>\n\n\n\n<h3 class=\"wp-block-heading\"><strong>Des chiffres alarmants sur la s\u00e9curit\u00e9 num\u00e9rique des TPE\/PME<\/strong><\/h3>\n\n\n\n<p>Pour sa 13\u1d49 \u00e9dition, le Cybermois s\u2019appuie sur le <a href=\"https:\/\/www.francenum.gouv.fr\/guides-et-conseils\/strategie-numerique\/comprendre-le-numerique\/barometre-france-num-2025-le\" target=\"_blank\" rel=\"noreferrer noopener\"><strong>Barom\u00e8tre France Num&nbsp;2025<\/strong><\/a>&nbsp;qui atteste que plus de&nbsp;<strong>52&nbsp;% des TPE\/PME craignent de perdre ou de se faire pirater des donn\u00e9es<\/strong>&nbsp;(soit 3&nbsp;points de plus qu\u2019en 2024). La s\u00e9curit\u00e9 num\u00e9rique pour les plus petites structures d\u2019entreprises constitue donc une priorit\u00e9 importante.<\/p>\n\n\n\n<p>En plein Mois du Cyber, les craintes \u00e9mises par les TPE\/PME sont confirm\u00e9es par des chiffres alarmants&nbsp;:<\/p>\n\n\n\n<ul class=\"wp-block-list\">\n<li><strong>36 % (plus d\u20191\/3) des entreprises <\/strong>interrog\u00e9es d\u00e9clarent avoir<strong> d\u00e9j\u00e0 \u00e9t\u00e9 confront\u00e9es \u00e0 un incident de s\u00e9curit\u00e9 informatique<\/strong>, notamment&nbsp;: 21 % \u00e0 de l\u2019hame\u00e7onnage et 16 % \u00e0 un logiciel malveillant.<\/li>\n\n\n\n<li><strong>57 % des TPE\/PME fran\u00e7aises <\/strong>ont \u00e9t\u00e9 victimes d\u2019au moins<strong> une&nbsp;cyberattaque&nbsp;ces 12 derniers mois.<\/strong><\/li>\n<\/ul>\n\n\n\n<p>Face \u00e0 ces cybermenaces grandissantes,&nbsp;<strong>84 % TPE et PME<\/strong>&nbsp;<strong>ont d\u00e9ploy\u00e9 des mesures de protection,&nbsp;<\/strong>les principales \u00e9tant&nbsp;:<\/p>\n\n\n\n<div style=\"height:15px\" aria-hidden=\"true\" class=\"wp-block-spacer\"><\/div>\n\n\n\n<ul class=\"wp-block-list\">\n<li>La mise en place d\u2019un&nbsp;<strong>antivirus&nbsp;<\/strong>(81 %),<\/li>\n\n\n\n<li>La&nbsp;<a href=\"https:\/\/www.xefi.fr\/fr\/cloud\/cloud-nos-solutions\/sauvegarde\/\">sauvegarde des donn\u00e9es \u00e0 l\u2019ext\u00e9rieur<\/a> \/ pare-feu&nbsp;(68 %),<\/li>\n\n\n\n<li>Les mesures de&nbsp;<strong>protection des locaux ou des mat\u00e9riels<\/strong>&nbsp;(48 %),<\/li>\n\n\n\n<li>La&nbsp;formation et la sensibilisation du personnel&nbsp;(34 %, stable) ;<\/li>\n\n\n\n<li>La mise en place de m\u00e9canismes&nbsp;d\u2019<a href=\"https:\/\/www.xefi.fr\/fr\/securite\/securite-nos-solutions\/gestionnaire-de-mots-de-passe\/\"><strong>authentification multi-facteurs<\/strong>&nbsp;<\/a>(32 %)&nbsp;<\/li>\n<\/ul>\n\n\n\n<p>Mais est-ce suffisant quand les cybercriminels redoublent d\u2019ing\u00e9niosit\u00e9 pour attaquer ?<\/p>\n\n\n\n<div style=\"height:15px\" aria-hidden=\"true\" class=\"wp-block-spacer\"><\/div>\n\n\n\n<div class=\"wp-block-buttons is-content-justification-center is-layout-flex wp-container-core-buttons-is-layout-a89b3969 wp-block-buttons-is-layout-flex\">\n<div class=\"wp-block-button\"><a class=\"wp-block-button__link has-background-color has-dark-background-color has-text-color has-background has-link-color wp-element-button\" href=\"https:\/\/www.xefi.fr\/fr\/securite\/#contact-store\"><strong>CONTACTEZ-NOUS POUR EN SAVOIR PLUS<\/strong><\/a><\/div>\n<\/div>\n\n\n\n<div style=\"height:49px\" aria-hidden=\"true\" class=\"wp-block-spacer\"><\/div>\n\n\n\n<h2 class=\"wp-block-heading\"><strong>TPE et PME&nbsp;: les cibles privil\u00e9gi\u00e9es des cybercriminels<\/strong><\/h2>\n\n\n\n<p>Les cybercriminels ne visent plus uniquement les grandes entreprises.<br>Plus de 40 % des cyberattaques ciblent les TPE et PME qui sont les plus vuln\u00e9rables.<\/p>\n\n\n\n<p><br>Dans 60 % des cas, une petite entreprise victime d\u2019une attaque ferme dans les 6 mois.<\/p>\n\n\n\n<p>Pourquoi ? Parce que les petites et moyennes entreprises disposent souvent de protections limit\u00e9es : mots de passe peu s\u00e9curis\u00e9s, pas de sauvegarde s\u00e9curis\u00e9e, logiciels obsol\u00e8tes et\/ou pas mis \u00e0 jour\u2026<\/p>\n\n\n\n<p>Plusieurs constats rendent les TPE\/PME plus vuln\u00e9rables aux cyberattaques&nbsp;:<\/p>\n\n\n\n<ul class=\"wp-block-list\">\n<li>72 % des TPE\/PME n\u2019ont pas de salari\u00e9 d\u00e9di\u00e9 \u00e0 la s\u00e9curit\u00e9 informatique<\/li>\n\n\n\n<li>Des budgets de protection cyber inexistants ou trop faibles<\/li>\n\n\n\n<li>Sous-estimation des valeurs des donn\u00e9es<\/li>\n<\/ul>\n\n\n\n<p>Toutes les entreprises sont une cible potentielle pour les cybercriminels, quel que soit leur taille ou leur type d\u2019activit\u00e9.<\/p>\n\n\n\n<div style=\"height:15px\" aria-hidden=\"true\" class=\"wp-block-spacer\"><\/div>\n\n\n\n<figure class=\"wp-block-image aligncenter size-large is-resized\"><img loading=\"lazy\" decoding=\"async\" width=\"1024\" height=\"573\" src=\"https:\/\/www.xefi.fr\/wp-content\/uploads\/sites\/2\/2025\/10\/Actualite-Cybermois-votre-TPE-PME-est-elle-prete-a-faire-face-aux-cyberattaques_XEFI-Partenaire-informatique-des-TPE-PME_2-1024x573.jpg\" alt=\"\" class=\"wp-image-12638\" style=\"width:800px;height:auto\" srcset=\"https:\/\/www.xefi.fr\/wp-content\/uploads\/sites\/2\/2025\/10\/Actualite-Cybermois-votre-TPE-PME-est-elle-prete-a-faire-face-aux-cyberattaques_XEFI-Partenaire-informatique-des-TPE-PME_2-1024x573.jpg 1024w, https:\/\/www.xefi.fr\/wp-content\/uploads\/sites\/2\/2025\/10\/Actualite-Cybermois-votre-TPE-PME-est-elle-prete-a-faire-face-aux-cyberattaques_XEFI-Partenaire-informatique-des-TPE-PME_2-300x168.jpg 300w, https:\/\/www.xefi.fr\/wp-content\/uploads\/sites\/2\/2025\/10\/Actualite-Cybermois-votre-TPE-PME-est-elle-prete-a-faire-face-aux-cyberattaques_XEFI-Partenaire-informatique-des-TPE-PME_2-768x430.jpg 768w, https:\/\/www.xefi.fr\/wp-content\/uploads\/sites\/2\/2025\/10\/Actualite-Cybermois-votre-TPE-PME-est-elle-prete-a-faire-face-aux-cyberattaques_XEFI-Partenaire-informatique-des-TPE-PME_2-1536x860.jpg 1536w, https:\/\/www.xefi.fr\/wp-content\/uploads\/sites\/2\/2025\/10\/Actualite-Cybermois-votre-TPE-PME-est-elle-prete-a-faire-face-aux-cyberattaques_XEFI-Partenaire-informatique-des-TPE-PME_2.jpg 1600w\" sizes=\"auto, (max-width: 1024px) 100vw, 1024px\" \/><\/figure>\n\n\n\n<div style=\"height:15px\" aria-hidden=\"true\" class=\"wp-block-spacer\"><\/div>\n\n\n\n<p><strong><a href=\"https:\/\/www.google.com\/aclk?sa=L&amp;pf=1&amp;ai=DChsSEwiJjuq1sraQAxVSqf0FHW7rI3kYACICCAEQAhoCd2Y&amp;co=1&amp;ase=2&amp;gclid=CjwKCAjw3tzHBhBREiwAlMJoUrJzdpV8R5ywojmph67iSF244wHEd0XlXOhgTiGicQ4ZirDkXH3NKhoC-A4QAvD_BwE&amp;ei=TBD4aProN-qskdUPp9D1gQ8&amp;cce=2&amp;category=acrcp_v1_32&amp;sig=AOD64_0VODaeH0fC2zE0-JHSXqf8j7frlg&amp;q&amp;sqi=2&amp;nis=4&amp;adurl=https:\/\/go.crowdstrike.com\/global-threat-report-executive-summary-fr.html?utm_campaign%3Dthih%26utm_content%3Dcrwd-cao-eur-fr-fr-psp-x-x-x-tct-x_x_x_gtr-x%26utm_medium%3Dsem%26utm_source%3Dgoog%26utm_term%3Dcyber%2520menace%26utm_languagefr-fr%26cq_cmp%3D17925545171%26cq_plac%3D%7Bplacement%5D%26gad_source%3D1%26gad_campaignid%3D17925545171%26gbraid%3D0AAAAAC-K3YSJ2h8XegOr-TbQzkQn0Qew6%26gclid%3DCjwKCAjw3tzHBhBREiwAlMJoUrJzdpV8R5ywojmph67iSF244wHEd0XlXOhgTiGicQ4ZirDkXH3NKhoC-A4QAvD_BwE&amp;ved=2ahUKEwj6vua1sraQAxVqVqQEHSdoPfAQ0Qx6BAgNEAE\" target=\"_blank\" rel=\"noopener\"><\/a><\/strong><\/p>\n\n\n\n<p><\/p>\n\n\n\n<h2 class=\"wp-block-heading\">Un paysage des cybermenaces 2025 en constante \u00e9volution<\/h2>\n\n\n\n<p>Le paysage des cyberattaques \u00e9volue \u00e0 grande vitesse. En 2025, les hackers redoublent d\u2019ing\u00e9niosit\u00e9, et les<strong>&nbsp;petites et moyennes entreprises deviennent des cibles privil\u00e9gi\u00e9es<\/strong>, souvent moins bien prot\u00e9g\u00e9es malgr\u00e9 la valeur strat\u00e9gique de leurs donn\u00e9es.<\/p>\n\n\n\n<p>Les types d\u2019attaques se diversifient&nbsp;:<\/p>\n\n\n\n<ul class=\"wp-block-list\">\n<li>Attaques par d\u00e9ni de service (DDoS)&nbsp;visant \u00e0 rendre les services indisponibles<\/li>\n\n\n\n<li>Backdoors&nbsp;: portes d\u00e9rob\u00e9es introduites dans les syst\u00e8mes<\/li>\n\n\n\n<li>Espiogiciels&nbsp;: logiciels malveillants de surveillance furtive<\/li>\n\n\n\n<li>Man in the middle&nbsp;: interception des communications r\u00e9seau<\/li>\n\n\n\n<li>Ransomwares&nbsp;et&nbsp;doxwares&nbsp;(vol puis chantage \u00e0 la divulgation de donn\u00e9es)<\/li>\n\n\n\n<li>Fraude au pr\u00e9sident&nbsp;\/ Whaling&nbsp;: usurpation cibl\u00e9e visant les d\u00e9cideurs&nbsp;<\/li>\n<\/ul>\n\n\n\n<p>Ces cybermenaces b\u00e9n\u00e9ficient de l\u2019<strong>\u00e9mergence d\u2019outils automatis\u00e9s aliment\u00e9s par l\u2019IA<\/strong>, capables de g\u00e9n\u00e9rer des attaques encore plus cibl\u00e9es, plus cr\u00e9dibles, plus rapides, et difficilement d\u00e9tectables.<\/p>\n\n\n\n<p>Face \u00e0 ces cyberattaques, une&nbsp;<strong>strat\u00e9gie proactive de protection des \u00e9quipements informatiques et une sauvegarde de donn\u00e9es fiable deviennent indispensables.<\/strong><\/p>\n\n\n\n<div style=\"height:50px\" aria-hidden=\"true\" class=\"wp-block-spacer\"><\/div>\n\n\n\n<h2 class=\"wp-block-heading\"><strong>Cybermois 2025&nbsp;: s\u00e9curit\u00e9 num\u00e9rique et sauvegarde des donn\u00e9es, 2 pilliers essentiels<\/strong><\/h2>\n\n\n\n<h3 class=\"wp-block-heading\"><strong>Sauvegarde des donn\u00e9es&nbsp;: une r\u00e9ponse indispensable pour se prot\u00e9ger face au risque cyber<\/strong><\/h3>\n\n\n\n<p>Dans tous les types et dans toutes les tailles d\u2019entreprises, en mati\u00e8re de s\u00e9curit\u00e9, le risque z\u00e9ro n\u2019existe pas.<\/p>\n\n\n\n<p>Par exemple, un virus malveillant de type ransomware peut chiffrer l\u2019ensemble des donn\u00e9es d\u2019un serveur en quelques secondes et un doxware&nbsp;peut les diffuser au public. Par cons\u00e9quent, sans plan de sauvegarde de donn\u00e9es, leur r\u00e9cup\u00e9ration peut devenir impossible.<\/p>\n\n\n\n<p>Ainsi, la sauvegarde externalis\u00e9e s\u2019impose comme la solution id\u00e9ale pour la s\u00e9curisation num\u00e9rique en recourant \u00e0 un service permettant de stocker et de&nbsp;sauvegarder&nbsp;les informations sensibles et les donn\u00e9es critiques dans des datacenters externes \u00e0 l&rsquo;entreprise sous forme de donn\u00e9es crypt\u00e9es.<\/p>\n\n\n\n<p>La sauvegarde de donn\u00e9es externes permet notamment de&nbsp;:<\/p>\n\n\n\n<ul class=\"wp-block-list\">\n<li>Prot\u00e9ger les donn\u00e9es sensibles contre toute alt\u00e9ration ou destruction<\/li>\n\n\n\n<li>Restaurer rapidement l\u2019activit\u00e9 apr\u00e8s une cyberattaque<\/li>\n\n\n\n<li>R\u00e9pondre aux exigences de conformit\u00e9, notamment le&nbsp;RGPD<\/li>\n\n\n\n<li>Renforcer la posture de cybers\u00e9curit\u00e9 dans le cadre d\u2019une&nbsp;politique de s\u00e9curisation num\u00e9rique Zero Trust<\/li>\n<\/ul>\n\n\n\n<div style=\"height:15px\" aria-hidden=\"true\" class=\"wp-block-spacer\"><\/div>\n\n\n\n<figure class=\"wp-block-image aligncenter size-large is-resized\"><img loading=\"lazy\" decoding=\"async\" width=\"1024\" height=\"573\" src=\"https:\/\/www.xefi.fr\/wp-content\/uploads\/sites\/2\/2025\/10\/Actualite-Cybermois-votre-TPE-PME-est-elle-prete-a-faire-face-aux-cyberattaques_XEFI-Partenaire-informatique-des-TPE-PME_3-1024x573.jpg\" alt=\"\" class=\"wp-image-12640\" style=\"width:846px;height:auto\" srcset=\"https:\/\/www.xefi.fr\/wp-content\/uploads\/sites\/2\/2025\/10\/Actualite-Cybermois-votre-TPE-PME-est-elle-prete-a-faire-face-aux-cyberattaques_XEFI-Partenaire-informatique-des-TPE-PME_3-1024x573.jpg 1024w, https:\/\/www.xefi.fr\/wp-content\/uploads\/sites\/2\/2025\/10\/Actualite-Cybermois-votre-TPE-PME-est-elle-prete-a-faire-face-aux-cyberattaques_XEFI-Partenaire-informatique-des-TPE-PME_3-300x168.jpg 300w, https:\/\/www.xefi.fr\/wp-content\/uploads\/sites\/2\/2025\/10\/Actualite-Cybermois-votre-TPE-PME-est-elle-prete-a-faire-face-aux-cyberattaques_XEFI-Partenaire-informatique-des-TPE-PME_3-768x430.jpg 768w, https:\/\/www.xefi.fr\/wp-content\/uploads\/sites\/2\/2025\/10\/Actualite-Cybermois-votre-TPE-PME-est-elle-prete-a-faire-face-aux-cyberattaques_XEFI-Partenaire-informatique-des-TPE-PME_3-1536x860.jpg 1536w, https:\/\/www.xefi.fr\/wp-content\/uploads\/sites\/2\/2025\/10\/Actualite-Cybermois-votre-TPE-PME-est-elle-prete-a-faire-face-aux-cyberattaques_XEFI-Partenaire-informatique-des-TPE-PME_3.jpg 1600w\" sizes=\"auto, (max-width: 1024px) 100vw, 1024px\" \/><\/figure>\n\n\n\n<div style=\"height:51px\" aria-hidden=\"true\" class=\"wp-block-spacer\"><\/div>\n\n\n\n<h3 class=\"wp-block-heading\"><strong>Opter des solutions robustes de cyber protection pour s\u00e9curiser les donn\u00e9es de nos clients<\/strong><\/h3>\n\n\n\n<p>Chez XEFI, depuis, pr\u00e8s de 30 ans, nous accompagnons de nos clients TPE\/PME avec des prestations de s\u00e9curit\u00e9 informatique \u00e0 360\u00b0 con\u00e7ues pour r\u00e9pondre aux cybermenaces actuelles.<\/p>\n\n\n\n<p>Nos experts en s\u00e9curit\u00e9 informatique effectuent les mises \u00e0 jour et assurent la maintenance des logiciels firewall au quotidien.<\/p>\n\n\n\n<p>Nous s\u00e9curisons aussi les autres points d\u2019entr\u00e9es avec un anti-ransomware, un antispam, et un gestionnaire de mots de passe\u2026 Tout est supervis\u00e9, c\u2019est un service cl\u00e9-en-main, 100 % manag\u00e9.<\/p>\n\n\n\n<p>Notre avantage est d\u2019assurer aux TPE\/PME un niveau de protection \u00e9quivalent \u00e0 celui des plus grands Groupes. Pour cela, nous activons toutes nos technologies, notre p\u00e9rim\u00e8tre d\u2019intervention local et de proximit\u00e9, la qualit\u00e9 de service et l\u2019humain que nous pla\u00e7ons au c\u0153ur de notre accompagnement.<\/p>\n\n\n\n<p>Chez XEFI, la s\u00e9curisation informatique est compl\u00e8te et ma\u00eetris\u00e9e, permettant \u00e0 toutes les TPE ou PME de&nbsp;<strong>reprendre la main sur leurs donn\u00e9es en cas de crises et\/ou d\u2019attaques<\/strong>, tout&nbsp;<strong>en s\u2019int\u00e9grant facilement&nbsp;<\/strong>dans les infrastructures existantes.<\/p>\n\n\n\n<p>Le Cybermois 2025 nous rappelle une v\u00e9rit\u00e9 :&nbsp;<strong>les cyberattaques sont de plus en plus courantes <\/strong>et il ne faut plus les n\u00e9gliger.<\/p>\n\n\n\n<p>Chez XEFI, nous avons fait le choix de la proximit\u00e9 et de l\u2019expertise. Nous sommes <strong>votre partenaire local<\/strong> qui comprend les d\u00e9fis sp\u00e9cifiques des TPE et PME.<\/p>\n\n\n\n<p>Notre accompagnement en s\u00e9curit\u00e9 informatique n\u00e9cessite une vigilance accrue, une am\u00e9lioration continue, une adaptation permanente aux nouvelles menaces.<\/p>\n\n\n\n<div style=\"height:21px\" aria-hidden=\"true\" class=\"wp-block-spacer\"><\/div>\n\n\n\n<p><a href=\"https:\/\/www.xefi.fr\/fr\/\"><strong>Contactez maintenant les experts IT XEFI pour prot\u00e9ger votre TPE\/PME des risques cyber&nbsp;!&nbsp;<\/strong><\/a><strong><\/strong><\/p>\n\n\n\n<div style=\"height:18px\" aria-hidden=\"true\" class=\"wp-block-spacer\"><\/div>\n\n\n\n<div class=\"wp-block-buttons is-content-justification-center is-layout-flex wp-container-core-buttons-is-layout-a89b3969 wp-block-buttons-is-layout-flex\">\n<div class=\"wp-block-button\"><a class=\"wp-block-button__link has-background-color has-dark-background-color has-text-color has-background has-link-color wp-element-button\" href=\"https:\/\/www.xefi.fr\/fr\/\">je contacte vite un expert xefi<\/a><\/div>\n<\/div>\n\n\n\n<div style=\"height:21px\" aria-hidden=\"true\" class=\"wp-block-spacer\"><\/div>\n\n\n\n<h3 class=\"wp-block-heading\"><strong>Pour aller plus loin&nbsp;:<\/strong><\/h3>\n\n\n\n<p><a href=\"https:\/\/www.xefi.fr\/fr\/securite\/\">D\u00e9couvrez notre offre de solutions de s\u00e9curit\u00e9 informatique pour TPE\/PME<\/a><\/p>\n\n\n\n<p><a href=\"https:\/\/www.xefi.fr\/fr\/notre-experte-it-lucille-nous-parle-de-nos-solutions-en-securite-informatique-pour-les-tpe-et-pme\/\"><strong>Vid\u00e9o Notre experte IT, Lucile nous parle de nos solutions de s\u00e9curit\u00e9<\/strong><\/a><strong><\/strong><\/p>\n\n\n\n<p><a href=\"https:\/\/www.xefi.fr\/fr\/offre-de-remboursement-hewlett-packard-gamme-pc-professionels-hp-elite\/\">Notre Offre De Remboursement Exceptionnelle sur PC HP Elite prolong\u00e9e jusqu\u2019au 31 Octobre 2025<\/a><\/p>\n\n\n\n<p><\/p>\n","protected":false},"excerpt":{"rendered":"<p>Chaque mois d\u2019octobre, le Cybermois met en lumi\u00e8re les enjeux de la s\u00e9curit\u00e9 num\u00e9rique en France et en Europe. Pour sa 13\u1d49 \u00e9dition, le Mois du Cyber port\u00e9 par\u00a0cybermalveillance.gouv.fr, a un objectif clair : sensibiliser les entreprises et leurs collaborateurs aux bonnes pratiques pour pr\u00e9venir les cyberattaques.<\/p>\n","protected":false},"author":4,"featured_media":12640,"comment_status":"open","ping_status":"open","sticky":false,"template":"","format":"standard","meta":{"_acf_changed":false,"footnotes":""},"categories":[23],"tags":[167,174],"article_type":[137],"class_list":["post-12654","post","type-post","status-publish","format-standard","has-post-thumbnail","hentry","category-securite","tag-cybermois","tag-securite-informatique","article_type-actualite"],"acf":[],"_links":{"self":[{"href":"https:\/\/www.xefi.fr\/fr\/wp-json\/wp\/v2\/posts\/12654","targetHints":{"allow":["GET"]}}],"collection":[{"href":"https:\/\/www.xefi.fr\/fr\/wp-json\/wp\/v2\/posts"}],"about":[{"href":"https:\/\/www.xefi.fr\/fr\/wp-json\/wp\/v2\/types\/post"}],"author":[{"embeddable":true,"href":"https:\/\/www.xefi.fr\/fr\/wp-json\/wp\/v2\/users\/4"}],"replies":[{"embeddable":true,"href":"https:\/\/www.xefi.fr\/fr\/wp-json\/wp\/v2\/comments?post=12654"}],"version-history":[{"count":13,"href":"https:\/\/www.xefi.fr\/fr\/wp-json\/wp\/v2\/posts\/12654\/revisions"}],"predecessor-version":[{"id":13159,"href":"https:\/\/www.xefi.fr\/fr\/wp-json\/wp\/v2\/posts\/12654\/revisions\/13159"}],"wp:featuredmedia":[{"embeddable":true,"href":"https:\/\/www.xefi.fr\/fr\/wp-json\/wp\/v2\/media\/12640"}],"wp:attachment":[{"href":"https:\/\/www.xefi.fr\/fr\/wp-json\/wp\/v2\/media?parent=12654"}],"wp:term":[{"taxonomy":"category","embeddable":true,"href":"https:\/\/www.xefi.fr\/fr\/wp-json\/wp\/v2\/categories?post=12654"},{"taxonomy":"post_tag","embeddable":true,"href":"https:\/\/www.xefi.fr\/fr\/wp-json\/wp\/v2\/tags?post=12654"},{"taxonomy":"article_type","embeddable":true,"href":"https:\/\/www.xefi.fr\/fr\/wp-json\/wp\/v2\/article_type?post=12654"}],"curies":[{"name":"wp","href":"https:\/\/api.w.org\/{rel}","templated":true}]}}